{"id":102,"date":"2013-01-31T13:15:00","date_gmt":"2013-01-31T13:15:00","guid":{"rendered":"http:\/\/carideal.com\/blog\/?p=102"},"modified":"2018-03-25T12:52:38","modified_gmt":"2018-03-25T10:52:38","slug":"les-etrangeres-preferees-des-francais","status":"publish","type":"post","link":"https:\/\/www.carideal.com\/blog\/2013\/01\/31\/les-etrangeres-preferees-des-francais\/","title":{"rendered":"Les voitures \u00e9trang\u00e8res pr\u00e9f\u00e9r\u00e9es des fran\u00e7ais"},"content":{"rendered":"<h1>Les voitures \u00e9trang\u00e8res pr\u00e9f\u00e9r\u00e9es des fran\u00e7ais<\/h1>\n<blockquote><p>En 1965, 85 % des voitures vendues en France portaient pavillon tricolore. Cette part n'a cess\u00e9 depuis de d\u00e9cro\u00eetre. Pour passer pour la premi\u00e8re fois sous les 50 % en 2012.<\/p><\/blockquote>\n<p>Plus encore que le plongeon sous la barre des 2 millions de v\u00e9hicules, c'est l'information majeure de ce triste cru 2012\u00a0: pour la premi\u00e8re fois, les fran\u00e7ais ont achet\u00e9 cette ann\u00e9e davantage de voitures \u00e9trang\u00e8res que de fran\u00e7aises... Le coup n'\u00e9tait pas pass\u00e9 loin en 2011\u00a0: 52,1 % de mod\u00e8les tricolores. Le recul prononc\u00e9 de nos trois marques en 2012 les a fait passer dans le camp minoritaire\u00a0: 48,9 %, au cumul des ventes de Renault, <a href=\"http:\/\/www.carideal.com\/blog\/marque-de-voiture-actualites-essais\/peugeot\/\">Peugeot<\/a> et <a href=\"http:\/\/www.carideal.com\/blog\/marque-de-voiture-actualites-essais\/citroen\/\">Citro\u00ebn<\/a>. Certes, il suffit d'inclure <a href=\"http:\/\/www.carideal.com\/blog\/marque-de-voiture-actualites-essais\/dacia\/\">Dacia<\/a> dans ce contingent pour que nos <a href=\"http:\/\/www.carideal.com\/blog\/marque-de-voiture-actualites-essais\/\">constructeurs<\/a> reprennent la majorit\u00e9\u00a0: 53,1 % des ventes. Mais la pente est r\u00e9guli\u00e8re\u00a0: chaque ann\u00e9e ou presque, sauf coup de pouce gouvernemental comme en 2009 et en 2010, ils reculent. Il \u00e9tait donc \u00e9crit qu'un jour, la balance finirait par pencher du c\u00f4t\u00e9 des marques \u00e9trang\u00e8res. Ce jours est arriv\u00e9. En soi, ce n'est pas un drame. Les fronti\u00e8res se sont ouvertes depuis 1965, ann\u00e9e o\u00f9 les constructeurs tricolores repr\u00e9sentaient 85 % du march\u00e9 fran\u00e7ais. Pour aller vendre sous d'autres latitudes, les marques fran\u00e7aises doivent aussi accepter que des constructeurs \u00e9trangers viennent sur leur sol. C'est la loi du commerce international. Mais il est toujours plus facile pour une marque d'exporter quand elle dispose d'un socle fort dans son propre pays. A l'image des constructeurs germaniques, qui, en 2011, contr\u00f4laient 65 % de leur march\u00e9.<\/p>\n<p>\/13 ans au-dessus des 2 millions<\/p>\n","protected":false},"excerpt":{"rendered":"<p>Les voitures \u00e9trang\u00e8res pr\u00e9f\u00e9r\u00e9es des fran\u00e7ais En 1965, 85 % des voitures vendues en France portaient pavillon tricolore. Cette part n&rsquo;a cess\u00e9 depuis de d\u00e9cro\u00eetre. Pour passer pour la premi\u00e8re fois sous les 50 % en 2012. Plus encore que le plongeon sous la barre des 2 millions de v\u00e9hicules, c&rsquo;est l&rsquo;information majeure de ce &#8230; <a title=\"Les voitures \u00e9trang\u00e8res pr\u00e9f\u00e9r\u00e9es des fran\u00e7ais\" class=\"read-more\" href=\"https:\/\/www.carideal.com\/blog\/2013\/01\/31\/les-etrangeres-preferees-des-francais\/\" aria-label=\"En savoir plus sur Les voitures \u00e9trang\u00e8res pr\u00e9f\u00e9r\u00e9es des fran\u00e7ais\">Lire plus<\/a><\/p>\n","protected":false},"author":1,"featured_media":17062,"comment_status":"open","ping_status":"open","sticky":false,"template":"","format":"standard","meta":{"_uag_custom_page_level_css":"","_themeisle_gutenberg_block_has_review":false,"footnotes":""},"categories":[3,10],"tags":[6219],"class_list":["post-102","post","type-post","status-publish","format-standard","has-post-thumbnail","hentry","category-actualites-financieres","category-marche-automobile-voiture-neuve-occasion-4x4-suv","tag-voiture-prefere-des-francais"],"wppr_data":{"cwp_meta_box_check":"No"},"yoast_head":"<!-- This site is optimized with the Yoast SEO plugin v24.8.1 - https:\/\/yoast.com\/wordpress\/plugins\/seo\/ -->\n<title>Les voitures \u00e9trang\u00e8res pr\u00e9f\u00e9r\u00e9es des fran\u00e7ais - Blog auto Carid\u00e9al<\/title>\n<meta name=\"robots\" content=\"index, follow, max-snippet:-1, max-image-preview:large, max-video-preview:-1\" \/>\n<link rel=\"canonical\" href=\"https:\/\/www.carideal.com\/blog\/2013\/01\/31\/les-etrangeres-preferees-des-francais\/\" \/>\n<meta property=\"og:locale\" content=\"fr_FR\" \/>\n<meta property=\"og:type\" content=\"article\" \/>\n<meta property=\"og:title\" content=\"Les voitures \u00e9trang\u00e8res pr\u00e9f\u00e9r\u00e9es des fran\u00e7ais - Blog auto Carid\u00e9al\" \/>\n<meta property=\"og:description\" content=\"Les voitures \u00e9trang\u00e8res pr\u00e9f\u00e9r\u00e9es des fran\u00e7ais En 1965, 85 % des voitures vendues en France portaient pavillon tricolore. Cette part n&#039;a cess\u00e9 depuis de d\u00e9cro\u00eetre. Pour passer pour la premi\u00e8re fois sous les 50 % en 2012. Plus encore que le plongeon sous la barre des 2 millions de v\u00e9hicules, c&#039;est l&#039;information majeure de ce ... Lire plus\" \/>\n<meta property=\"og:url\" content=\"https:\/\/www.carideal.com\/blog\/2013\/01\/31\/les-etrangeres-preferees-des-francais\/\" \/>\n<meta property=\"og:site_name\" content=\"Blog auto Carid\u00e9al\" \/>\n<meta property=\"article:publisher\" content=\"https:\/\/www.facebook.com\/Carideal.mandataire.automobile\" \/>\n<meta property=\"article:author\" content=\"https:\/\/www.facebook.com\/Carideal.mandataire.automobile\/\" \/>\n<meta property=\"article:published_time\" content=\"2013-01-31T13:15:00+00:00\" \/>\n<meta property=\"article:modified_time\" content=\"2018-03-25T10:52:38+00:00\" \/>\n<meta property=\"og:image\" content=\"https:\/\/www.carideal.com\/blog\/wp-content\/uploads\/2013\/01\/marche-francais-2012_m.jpg\" \/>\n\t<meta property=\"og:image:width\" content=\"448\" \/>\n\t<meta property=\"og:image:height\" content=\"235\" \/>\n\t<meta property=\"og:image:type\" content=\"image\/jpeg\" \/>\n<meta name=\"author\" content=\"N.S Carideal\" \/>\n<meta name=\"twitter:card\" content=\"summary_large_image\" \/>\n<meta name=\"twitter:creator\" content=\"@caridealauto\" \/>\n<meta name=\"twitter:site\" content=\"@caridealauto\" \/>\n<meta name=\"twitter:label1\" content=\"\u00c9crit par\" \/>\n\t<meta name=\"twitter:data1\" content=\"N.S Carideal\" \/>\n\t<meta name=\"twitter:label2\" content=\"Dur\u00e9e de lecture estim\u00e9e\" \/>\n\t<meta name=\"twitter:data2\" content=\"1 minute\" \/>\n<script type=\"application\/ld+json\" class=\"yoast-schema-graph\">{\"@context\":\"https:\/\/schema.org\",\"@graph\":[{\"@type\":\"Article\",\"@id\":\"https:\/\/www.carideal.com\/blog\/2013\/01\/31\/les-etrangeres-preferees-des-francais\/#article\",\"isPartOf\":{\"@id\":\"https:\/\/www.carideal.com\/blog\/2013\/01\/31\/les-etrangeres-preferees-des-francais\/\"},\"author\":{\"name\":\"N.S Carideal\",\"@id\":\"https:\/\/www.carideal.com\/blog\/#\/schema\/person\/985c7e757d1042d647f21bfaf8d41ebc\"},\"headline\":\"Les voitures \u00e9trang\u00e8res pr\u00e9f\u00e9r\u00e9es des fran\u00e7ais\",\"datePublished\":\"2013-01-31T13:15:00+00:00\",\"dateModified\":\"2018-03-25T10:52:38+00:00\",\"mainEntityOfPage\":{\"@id\":\"https:\/\/www.carideal.com\/blog\/2013\/01\/31\/les-etrangeres-preferees-des-francais\/\"},\"wordCount\":281,\"commentCount\":0,\"publisher\":{\"@id\":\"https:\/\/www.carideal.com\/blog\/#organization\"},\"image\":{\"@id\":\"https:\/\/www.carideal.com\/blog\/2013\/01\/31\/les-etrangeres-preferees-des-francais\/#primaryimage\"},\"thumbnailUrl\":\"https:\/\/www.carideal.com\/blog\/wp-content\/uploads\/2013\/01\/marche-francais-2012_m.jpg\",\"keywords\":[\"Voiture pr\u00e9f\u00e9r\u00e9e des Fran\u00e7ais\"],\"articleSection\":[\"Actualit\u00e9 Financi\u00e8re\",\"March\u00e9 automobile\"],\"inLanguage\":\"fr-FR\",\"potentialAction\":[{\"@type\":\"CommentAction\",\"name\":\"Comment\",\"target\":[\"https:\/\/www.carideal.com\/blog\/2013\/01\/31\/les-etrangeres-preferees-des-francais\/#respond\"]}]},{\"@type\":\"WebPage\",\"@id\":\"https:\/\/www.carideal.com\/blog\/2013\/01\/31\/les-etrangeres-preferees-des-francais\/\",\"url\":\"https:\/\/www.carideal.com\/blog\/2013\/01\/31\/les-etrangeres-preferees-des-francais\/\",\"name\":\"Les voitures \u00e9trang\u00e8res pr\u00e9f\u00e9r\u00e9es des fran\u00e7ais - Blog auto Carid\u00e9al\",\"isPartOf\":{\"@id\":\"https:\/\/www.carideal.com\/blog\/#website\"},\"primaryImageOfPage\":{\"@id\":\"https:\/\/www.carideal.com\/blog\/2013\/01\/31\/les-etrangeres-preferees-des-francais\/#primaryimage\"},\"image\":{\"@id\":\"https:\/\/www.carideal.com\/blog\/2013\/01\/31\/les-etrangeres-preferees-des-francais\/#primaryimage\"},\"thumbnailUrl\":\"https:\/\/www.carideal.com\/blog\/wp-content\/uploads\/2013\/01\/marche-francais-2012_m.jpg\",\"datePublished\":\"2013-01-31T13:15:00+00:00\",\"dateModified\":\"2018-03-25T10:52:38+00:00\",\"breadcrumb\":{\"@id\":\"https:\/\/www.carideal.com\/blog\/2013\/01\/31\/les-etrangeres-preferees-des-francais\/#breadcrumb\"},\"inLanguage\":\"fr-FR\",\"potentialAction\":[{\"@type\":\"ReadAction\",\"target\":[\"https:\/\/www.carideal.com\/blog\/2013\/01\/31\/les-etrangeres-preferees-des-francais\/\"]}]},{\"@type\":\"ImageObject\",\"inLanguage\":\"fr-FR\",\"@id\":\"https:\/\/www.carideal.com\/blog\/2013\/01\/31\/les-etrangeres-preferees-des-francais\/#primaryimage\",\"url\":\"https:\/\/www.carideal.com\/blog\/wp-content\/uploads\/2013\/01\/marche-francais-2012_m.jpg\",\"contentUrl\":\"https:\/\/www.carideal.com\/blog\/wp-content\/uploads\/2013\/01\/marche-francais-2012_m.jpg\",\"width\":448,\"height\":235,\"caption\":\"Les voitures \u00e9trang\u00e8res pr\u00e9f\u00e9r\u00e9es des fran\u00e7ais\"},{\"@type\":\"BreadcrumbList\",\"@id\":\"https:\/\/www.carideal.com\/blog\/2013\/01\/31\/les-etrangeres-preferees-des-francais\/#breadcrumb\",\"itemListElement\":[{\"@type\":\"ListItem\",\"position\":1,\"name\":\"Blog Carid\u00e9al\",\"item\":\"https:\/\/www.carideal.com\/blog\/\"},{\"@type\":\"ListItem\",\"position\":2,\"name\":\"March\u00e9 automobile\",\"item\":\"https:\/\/www.carideal.com\/blog\/marche-automobile-voiture-neuve-occasion-4x4-suv\/\"},{\"@type\":\"ListItem\",\"position\":3,\"name\":\"Les voitures \u00e9trang\u00e8res pr\u00e9f\u00e9r\u00e9es des fran\u00e7ais\"}]},{\"@type\":\"WebSite\",\"@id\":\"https:\/\/www.carideal.com\/blog\/#website\",\"url\":\"https:\/\/www.carideal.com\/blog\/\",\"name\":\"Blog auto Carid\u00e9al\",\"description\":\"Actualit\u00e9 auto par des passionn\u00e9s\",\"publisher\":{\"@id\":\"https:\/\/www.carideal.com\/blog\/#organization\"},\"potentialAction\":[{\"@type\":\"SearchAction\",\"target\":{\"@type\":\"EntryPoint\",\"urlTemplate\":\"https:\/\/www.carideal.com\/blog\/?s={search_term_string}\"},\"query-input\":{\"@type\":\"PropertyValueSpecification\",\"valueRequired\":true,\"valueName\":\"search_term_string\"}}],\"inLanguage\":\"fr-FR\"},{\"@type\":\"Organization\",\"@id\":\"https:\/\/www.carideal.com\/blog\/#organization\",\"name\":\"Carideal\",\"url\":\"https:\/\/www.carideal.com\/blog\/\",\"logo\":{\"@type\":\"ImageObject\",\"inLanguage\":\"fr-FR\",\"@id\":\"https:\/\/www.carideal.com\/blog\/#\/schema\/logo\/image\/\",\"url\":\"http:\/\/www.carideal.com\/blog\/wp-content\/uploads\/2016\/03\/logo-carideal-mandataire-automobile.png\",\"contentUrl\":\"http:\/\/www.carideal.com\/blog\/wp-content\/uploads\/2016\/03\/logo-carideal-mandataire-automobile.png\",\"width\":300,\"height\":300,\"caption\":\"Carideal\"},\"image\":{\"@id\":\"https:\/\/www.carideal.com\/blog\/#\/schema\/logo\/image\/\"},\"sameAs\":[\"https:\/\/www.facebook.com\/Carideal.mandataire.automobile\",\"https:\/\/x.com\/caridealauto\",\"https:\/\/www.instagram.com\/carideal1\/\",\"https:\/\/www.linkedin.com\/company\/carideal.com\",\"https:\/\/fr.pinterest.com\/schiavonsas\/\",\"https:\/\/www.youtube.com\/user\/caridealsas\"]},{\"@type\":\"Person\",\"@id\":\"https:\/\/www.carideal.com\/blog\/#\/schema\/person\/985c7e757d1042d647f21bfaf8d41ebc\",\"name\":\"N.S Carideal\",\"image\":{\"@type\":\"ImageObject\",\"inLanguage\":\"fr-FR\",\"@id\":\"https:\/\/www.carideal.com\/blog\/#\/schema\/person\/image\/\",\"url\":\"https:\/\/secure.gravatar.com\/avatar\/edb7ccdf1a4e3d14aef967760d354d0e?s=96&r=g\",\"contentUrl\":\"https:\/\/secure.gravatar.com\/avatar\/edb7ccdf1a4e3d14aef967760d354d0e?s=96&r=g\",\"caption\":\"N.S Carideal\"},\"description\":\"Depuis tout petit fan d'automobile. Il est question d'essayer et de comparer toutes ces voitures qui nous ont fait r\u00e9ver, avant que celles-ci ne devient uniquement des voitures de collection.\",\"sameAs\":[\"http:\/\/www.carideal.com\/blog\",\"https:\/\/www.facebook.com\/Carideal.mandataire.automobile\/\",\"https:\/\/www.linkedin.com\/in\/nschiavon\/\",\"https:\/\/www.youtube.com\/user\/caridealsas\/\"],\"url\":\"https:\/\/www.carideal.com\/blog\/author\/admin_carideal\/\"}]}<\/script>\n<!-- \/ Yoast SEO plugin. -->","yoast_head_json":{"title":"Les voitures \u00e9trang\u00e8res pr\u00e9f\u00e9r\u00e9es des fran\u00e7ais - Blog auto Carid\u00e9al","robots":{"index":"index","follow":"follow","max-snippet":"max-snippet:-1","max-image-preview":"max-image-preview:large","max-video-preview":"max-video-preview:-1"},"canonical":"https:\/\/www.carideal.com\/blog\/2013\/01\/31\/les-etrangeres-preferees-des-francais\/","og_locale":"fr_FR","og_type":"article","og_title":"Les voitures \u00e9trang\u00e8res pr\u00e9f\u00e9r\u00e9es des fran\u00e7ais - Blog auto Carid\u00e9al","og_description":"Les voitures \u00e9trang\u00e8res pr\u00e9f\u00e9r\u00e9es des fran\u00e7ais En 1965, 85 % des voitures vendues en France portaient pavillon tricolore. Cette part n'a cess\u00e9 depuis de d\u00e9cro\u00eetre. Pour passer pour la premi\u00e8re fois sous les 50 % en 2012. Plus encore que le plongeon sous la barre des 2 millions de v\u00e9hicules, c'est l'information majeure de ce ... Lire plus","og_url":"https:\/\/www.carideal.com\/blog\/2013\/01\/31\/les-etrangeres-preferees-des-francais\/","og_site_name":"Blog auto Carid\u00e9al","article_publisher":"https:\/\/www.facebook.com\/Carideal.mandataire.automobile","article_author":"https:\/\/www.facebook.com\/Carideal.mandataire.automobile\/","article_published_time":"2013-01-31T13:15:00+00:00","article_modified_time":"2018-03-25T10:52:38+00:00","og_image":[{"width":448,"height":235,"url":"https:\/\/www.carideal.com\/blog\/wp-content\/uploads\/2013\/01\/marche-francais-2012_m.jpg","type":"image\/jpeg"}],"author":"N.S Carideal","twitter_card":"summary_large_image","twitter_creator":"@caridealauto","twitter_site":"@caridealauto","twitter_misc":{"\u00c9crit par":"N.S Carideal","Dur\u00e9e de lecture estim\u00e9e":"1 minute"},"schema":{"@context":"https:\/\/schema.org","@graph":[{"@type":"Article","@id":"https:\/\/www.carideal.com\/blog\/2013\/01\/31\/les-etrangeres-preferees-des-francais\/#article","isPartOf":{"@id":"https:\/\/www.carideal.com\/blog\/2013\/01\/31\/les-etrangeres-preferees-des-francais\/"},"author":{"name":"N.S Carideal","@id":"https:\/\/www.carideal.com\/blog\/#\/schema\/person\/985c7e757d1042d647f21bfaf8d41ebc"},"headline":"Les voitures \u00e9trang\u00e8res pr\u00e9f\u00e9r\u00e9es des fran\u00e7ais","datePublished":"2013-01-31T13:15:00+00:00","dateModified":"2018-03-25T10:52:38+00:00","mainEntityOfPage":{"@id":"https:\/\/www.carideal.com\/blog\/2013\/01\/31\/les-etrangeres-preferees-des-francais\/"},"wordCount":281,"commentCount":0,"publisher":{"@id":"https:\/\/www.carideal.com\/blog\/#organization"},"image":{"@id":"https:\/\/www.carideal.com\/blog\/2013\/01\/31\/les-etrangeres-preferees-des-francais\/#primaryimage"},"thumbnailUrl":"https:\/\/www.carideal.com\/blog\/wp-content\/uploads\/2013\/01\/marche-francais-2012_m.jpg","keywords":["Voiture pr\u00e9f\u00e9r\u00e9e des Fran\u00e7ais"],"articleSection":["Actualit\u00e9 Financi\u00e8re","March\u00e9 automobile"],"inLanguage":"fr-FR","potentialAction":[{"@type":"CommentAction","name":"Comment","target":["https:\/\/www.carideal.com\/blog\/2013\/01\/31\/les-etrangeres-preferees-des-francais\/#respond"]}]},{"@type":"WebPage","@id":"https:\/\/www.carideal.com\/blog\/2013\/01\/31\/les-etrangeres-preferees-des-francais\/","url":"https:\/\/www.carideal.com\/blog\/2013\/01\/31\/les-etrangeres-preferees-des-francais\/","name":"Les voitures \u00e9trang\u00e8res pr\u00e9f\u00e9r\u00e9es des fran\u00e7ais - Blog auto Carid\u00e9al","isPartOf":{"@id":"https:\/\/www.carideal.com\/blog\/#website"},"primaryImageOfPage":{"@id":"https:\/\/www.carideal.com\/blog\/2013\/01\/31\/les-etrangeres-preferees-des-francais\/#primaryimage"},"image":{"@id":"https:\/\/www.carideal.com\/blog\/2013\/01\/31\/les-etrangeres-preferees-des-francais\/#primaryimage"},"thumbnailUrl":"https:\/\/www.carideal.com\/blog\/wp-content\/uploads\/2013\/01\/marche-francais-2012_m.jpg","datePublished":"2013-01-31T13:15:00+00:00","dateModified":"2018-03-25T10:52:38+00:00","breadcrumb":{"@id":"https:\/\/www.carideal.com\/blog\/2013\/01\/31\/les-etrangeres-preferees-des-francais\/#breadcrumb"},"inLanguage":"fr-FR","potentialAction":[{"@type":"ReadAction","target":["https:\/\/www.carideal.com\/blog\/2013\/01\/31\/les-etrangeres-preferees-des-francais\/"]}]},{"@type":"ImageObject","inLanguage":"fr-FR","@id":"https:\/\/www.carideal.com\/blog\/2013\/01\/31\/les-etrangeres-preferees-des-francais\/#primaryimage","url":"https:\/\/www.carideal.com\/blog\/wp-content\/uploads\/2013\/01\/marche-francais-2012_m.jpg","contentUrl":"https:\/\/www.carideal.com\/blog\/wp-content\/uploads\/2013\/01\/marche-francais-2012_m.jpg","width":448,"height":235,"caption":"Les voitures \u00e9trang\u00e8res pr\u00e9f\u00e9r\u00e9es des fran\u00e7ais"},{"@type":"BreadcrumbList","@id":"https:\/\/www.carideal.com\/blog\/2013\/01\/31\/les-etrangeres-preferees-des-francais\/#breadcrumb","itemListElement":[{"@type":"ListItem","position":1,"name":"Blog Carid\u00e9al","item":"https:\/\/www.carideal.com\/blog\/"},{"@type":"ListItem","position":2,"name":"March\u00e9 automobile","item":"https:\/\/www.carideal.com\/blog\/marche-automobile-voiture-neuve-occasion-4x4-suv\/"},{"@type":"ListItem","position":3,"name":"Les voitures \u00e9trang\u00e8res pr\u00e9f\u00e9r\u00e9es des fran\u00e7ais"}]},{"@type":"WebSite","@id":"https:\/\/www.carideal.com\/blog\/#website","url":"https:\/\/www.carideal.com\/blog\/","name":"Blog auto Carid\u00e9al","description":"Actualit\u00e9 auto par des passionn\u00e9s","publisher":{"@id":"https:\/\/www.carideal.com\/blog\/#organization"},"potentialAction":[{"@type":"SearchAction","target":{"@type":"EntryPoint","urlTemplate":"https:\/\/www.carideal.com\/blog\/?s={search_term_string}"},"query-input":{"@type":"PropertyValueSpecification","valueRequired":true,"valueName":"search_term_string"}}],"inLanguage":"fr-FR"},{"@type":"Organization","@id":"https:\/\/www.carideal.com\/blog\/#organization","name":"Carideal","url":"https:\/\/www.carideal.com\/blog\/","logo":{"@type":"ImageObject","inLanguage":"fr-FR","@id":"https:\/\/www.carideal.com\/blog\/#\/schema\/logo\/image\/","url":"http:\/\/www.carideal.com\/blog\/wp-content\/uploads\/2016\/03\/logo-carideal-mandataire-automobile.png","contentUrl":"http:\/\/www.carideal.com\/blog\/wp-content\/uploads\/2016\/03\/logo-carideal-mandataire-automobile.png","width":300,"height":300,"caption":"Carideal"},"image":{"@id":"https:\/\/www.carideal.com\/blog\/#\/schema\/logo\/image\/"},"sameAs":["https:\/\/www.facebook.com\/Carideal.mandataire.automobile","https:\/\/x.com\/caridealauto","https:\/\/www.instagram.com\/carideal1\/","https:\/\/www.linkedin.com\/company\/carideal.com","https:\/\/fr.pinterest.com\/schiavonsas\/","https:\/\/www.youtube.com\/user\/caridealsas"]},{"@type":"Person","@id":"https:\/\/www.carideal.com\/blog\/#\/schema\/person\/985c7e757d1042d647f21bfaf8d41ebc","name":"N.S Carideal","image":{"@type":"ImageObject","inLanguage":"fr-FR","@id":"https:\/\/www.carideal.com\/blog\/#\/schema\/person\/image\/","url":"https:\/\/secure.gravatar.com\/avatar\/edb7ccdf1a4e3d14aef967760d354d0e?s=96&r=g","contentUrl":"https:\/\/secure.gravatar.com\/avatar\/edb7ccdf1a4e3d14aef967760d354d0e?s=96&r=g","caption":"N.S Carideal"},"description":"Depuis tout petit fan d'automobile. Il est question d'essayer et de comparer toutes ces voitures qui nous ont fait r\u00e9ver, avant que celles-ci ne devient uniquement des voitures de collection.","sameAs":["http:\/\/www.carideal.com\/blog","https:\/\/www.facebook.com\/Carideal.mandataire.automobile\/","https:\/\/www.linkedin.com\/in\/nschiavon\/","https:\/\/www.youtube.com\/user\/caridealsas\/"],"url":"https:\/\/www.carideal.com\/blog\/author\/admin_carideal\/"}]}},"uagb_featured_image_src":{"full":["https:\/\/www.carideal.com\/blog\/wp-content\/uploads\/2013\/01\/marche-francais-2012_m.jpg",448,235,false],"thumbnail":["https:\/\/www.carideal.com\/blog\/wp-content\/uploads\/2013\/01\/marche-francais-2012_m-150x150.jpg",150,150,true],"medium":["https:\/\/www.carideal.com\/blog\/wp-content\/uploads\/2013\/01\/marche-francais-2012_m-300x157.jpg",300,157,true],"medium_large":["https:\/\/www.carideal.com\/blog\/wp-content\/uploads\/2013\/01\/marche-francais-2012_m.jpg",448,235,false],"large":["https:\/\/www.carideal.com\/blog\/wp-content\/uploads\/2013\/01\/marche-francais-2012_m.jpg",448,235,false],"1536x1536":["https:\/\/www.carideal.com\/blog\/wp-content\/uploads\/2013\/01\/marche-francais-2012_m.jpg",448,235,false],"2048x2048":["https:\/\/www.carideal.com\/blog\/wp-content\/uploads\/2013\/01\/marche-francais-2012_m.jpg",448,235,false],"wppr-widget":["https:\/\/www.carideal.com\/blog\/wp-content\/uploads\/2013\/01\/marche-francais-2012_m.jpg",50,26,false]},"uagb_author_info":{"display_name":"N.S Carideal","author_link":"https:\/\/www.carideal.com\/blog\/author\/admin_carideal\/"},"uagb_comment_info":0,"uagb_excerpt":"Les voitures \u00e9trang\u00e8res pr\u00e9f\u00e9r\u00e9es des fran\u00e7ais En 1965, 85 % des voitures vendues en France portaient pavillon tricolore. Cette part n'a cess\u00e9 depuis de d\u00e9cro\u00eetre. Pour passer pour la premi\u00e8re fois sous les 50 % en 2012. Plus encore que le plongeon sous la barre des 2 millions de v\u00e9hicules, c'est l'information majeure de ce\u2026","_links":{"self":[{"href":"https:\/\/www.carideal.com\/blog\/wp-json\/wp\/v2\/posts\/102"}],"collection":[{"href":"https:\/\/www.carideal.com\/blog\/wp-json\/wp\/v2\/posts"}],"about":[{"href":"https:\/\/www.carideal.com\/blog\/wp-json\/wp\/v2\/types\/post"}],"author":[{"embeddable":true,"href":"https:\/\/www.carideal.com\/blog\/wp-json\/wp\/v2\/users\/1"}],"replies":[{"embeddable":true,"href":"https:\/\/www.carideal.com\/blog\/wp-json\/wp\/v2\/comments?post=102"}],"version-history":[{"count":0,"href":"https:\/\/www.carideal.com\/blog\/wp-json\/wp\/v2\/posts\/102\/revisions"}],"wp:featuredmedia":[{"embeddable":true,"href":"https:\/\/www.carideal.com\/blog\/wp-json\/wp\/v2\/media\/17062"}],"wp:attachment":[{"href":"https:\/\/www.carideal.com\/blog\/wp-json\/wp\/v2\/media?parent=102"}],"wp:term":[{"taxonomy":"category","embeddable":true,"href":"https:\/\/www.carideal.com\/blog\/wp-json\/wp\/v2\/categories?post=102"},{"taxonomy":"post_tag","embeddable":true,"href":"https:\/\/www.carideal.com\/blog\/wp-json\/wp\/v2\/tags?post=102"}],"curies":[{"name":"wp","href":"https:\/\/api.w.org\/{rel}","templated":true}]}}