{"id":1018,"date":"2011-12-31T14:20:00","date_gmt":"2011-12-31T14:20:00","guid":{"rendered":"http:\/\/carideal.com\/blog\/?p=1018"},"modified":"2019-02-24T10:12:52","modified_gmt":"2019-02-24T09:12:52","slug":"nouvelle-bmw-116i","status":"publish","type":"post","link":"https:\/\/www.carideal.com\/blog\/2011\/12\/31\/nouvelle-bmw-116i\/","title":{"rendered":"Nouvelle BMW 116i 2012 \u00e0 l&rsquo;essai"},"content":{"rendered":"<h2>Nouvelle BMW 116i 2012<\/h2>\n<p>La <strong>nouvelle BMW 116i 2012<\/strong> a certes gagn\u00e9 un nouveau moteur avec plus de brio, et de performances mais pas \u00e0 n'importe quel prix. A 25 450 \u20ac la version d'entr\u00e9e de gamme c'est un peu ch\u00e8re, et encore plus \u00e0 31550 \u20ac pour la version sport.<br \/>\nAvec son petit moteur de 1598 cm3 turbo de 136 ch, suffisant et peu gourmand, la BMW 116i 2012 peut repr\u00e9senter une solution int\u00e9ressante face au moteur diesel. On pourra choisir l'excellente boite automatique pour 2200 \u20ac, agr\u00e9able en ville. Un mot de plus sur le coffre\u00a0: 360 l soit 30l de plus que l'ancienne version suffisant pour les courses.<\/p>\n<p>La nouvelle BMW S\u00e9rie 1 n\u2019est pas tr\u00e8s diff\u00e9rente de l'ancienne voiture, mais c\u2019est une formule \u00e9prouv\u00e9e qui a conquis une l\u00e9gion de passionn\u00e9s. Ce nouveau mod\u00e8le esp\u00e8re \u00e9galer les 1,2 million de ventes r\u00e9alis\u00e9es par la voiture sortante et, avec la conduite la plus lourde de sa cat\u00e9gorie, une conduite beaucoup plus confortable et un habitacle l\u00e9g\u00e8rement plus spacieux, elle a tout ce dont elle a besoin, ou peut-\u00eatre m\u00eame mieux, l'\u00e9norme succ\u00e8s de son pr\u00e9d\u00e9cesseur.<br \/>\nLa BMW S\u00e9rie 1 de la g\u00e9n\u00e9ration pr\u00e9c\u00e9dente s'est vendue en grand nombre, car elle offrait des sensations de conduite, un habitacle luxueux et une fantastique gamme de moteurs.<\/p>\n<p>Mais ce n\u2019\u00e9tait pas parfait - les plaintes incluaient une conduite raide et des si\u00e8ges arri\u00e8res \u00e9troits. Alors, le tout nouveau mod\u00e8le peut-il marquer les meilleurs points dans chaque cat\u00e9gorie ? Pour le savoir, nous avons pris la route pour la premi\u00e8re fois dans une BMW 116i 2012.<\/p>\n<p>La nouvelle BMW s\u00e9rie 1 116i 2012 a un look beaucoup plus lisse et \u00e9l\u00e9gant que la voiture qu\u2019elle remplace, avec des lignes fluides et des phares incurv\u00e9s rempla\u00e7ant les formes audacieuses et rigides de l\u2019ancien mod\u00e8le. Les passages de roues arri\u00e8re sont soulign\u00e9s par des lignes de caract\u00e8res, tandis que les feux arri\u00e8re sont plus propres.<\/p>\n<p>Montez \u00e0 bord de la BMW s\u00e9rie 116i et vous vous installez dans un habitacle qui, selon <a href=\"http:\/\/www.carideal.com\/blog\/marque-de-voiture-actualites-essais\/bmw\/\">BMW<\/a>, est plus spacieu que la voiture pr\u00e9c\u00e9dente. Avec un empattement plus long de 30 mm, les ing\u00e9nieurs avaient un peu de longueur, mais les adultes trouveront quand m\u00eame le dos un peu \u00e9troit. Du c\u00f4t\u00e9 positif, l\u2019espace de chargement a \u00e9t\u00e9 consid\u00e9rablement augment\u00e9, passant de 330 \u00e0 360 litres.<\/p>\n<p>\/ Achat BMW s\u00e9rie 1 avec Carideal mandataire automobile<br \/>\n\/ Nouvelle BMW s\u00e9rie 1<\/p>\n","protected":false},"excerpt":{"rendered":"<p>Nouvelle BMW 116i 2012 La nouvelle BMW 116i 2012 a certes gagn\u00e9 un nouveau moteur avec plus de brio, et de performances mais pas \u00e0 n&rsquo;importe quel prix. A 25 450 \u20ac la version d&rsquo;entr\u00e9e de gamme c&rsquo;est un peu ch\u00e8re, et encore plus \u00e0 31550 \u20ac pour la version sport. Avec son petit moteur &#8230; <a title=\"Nouvelle BMW 116i 2012 \u00e0 l&rsquo;essai\" class=\"read-more\" href=\"https:\/\/www.carideal.com\/blog\/2011\/12\/31\/nouvelle-bmw-116i\/\" aria-label=\"En savoir plus sur Nouvelle BMW 116i 2012 \u00e0 l&rsquo;essai\">Lire plus<\/a><\/p>\n","protected":false},"author":1,"featured_media":19195,"comment_status":"open","ping_status":"open","sticky":false,"template":"","format":"standard","meta":{"_uag_custom_page_level_css":"","_themeisle_gutenberg_block_has_review":false,"footnotes":""},"categories":[5945,6012,6169],"tags":[],"class_list":["post-1018","post","type-post","status-publish","format-standard","has-post-thumbnail","hentry","category-bmw","category-berlines","category-essais-bmw"],"wppr_data":{"cwp_meta_box_check":"No"},"yoast_head":"<!-- This site is optimized with the Yoast SEO plugin v24.8.1 - https:\/\/yoast.com\/wordpress\/plugins\/seo\/ -->\n<title>Nouvelle BMW 116i 2012 \u00e0 l&#039;essai - Blog auto Carid\u00e9al<\/title>\n<meta name=\"robots\" content=\"index, follow, max-snippet:-1, max-image-preview:large, max-video-preview:-1\" \/>\n<link rel=\"canonical\" href=\"https:\/\/www.carideal.com\/blog\/2011\/12\/31\/nouvelle-bmw-116i\/\" \/>\n<meta property=\"og:locale\" content=\"fr_FR\" \/>\n<meta property=\"og:type\" content=\"article\" \/>\n<meta property=\"og:title\" content=\"Nouvelle BMW 116i 2012 \u00e0 l&#039;essai - Blog auto Carid\u00e9al\" \/>\n<meta property=\"og:description\" content=\"Nouvelle BMW 116i 2012 La nouvelle BMW 116i 2012 a certes gagn\u00e9 un nouveau moteur avec plus de brio, et de performances mais pas \u00e0 n&#039;importe quel prix. A 25 450 \u20ac la version d&#039;entr\u00e9e de gamme c&#039;est un peu ch\u00e8re, et encore plus \u00e0 31550 \u20ac pour la version sport. Avec son petit moteur ... Lire plus\" \/>\n<meta property=\"og:url\" content=\"https:\/\/www.carideal.com\/blog\/2011\/12\/31\/nouvelle-bmw-116i\/\" \/>\n<meta property=\"og:site_name\" content=\"Blog auto Carid\u00e9al\" \/>\n<meta property=\"article:publisher\" content=\"https:\/\/www.facebook.com\/Carideal.mandataire.automobile\" \/>\n<meta property=\"article:author\" content=\"https:\/\/www.facebook.com\/Carideal.mandataire.automobile\/\" \/>\n<meta property=\"article:published_time\" content=\"2011-12-31T14:20:00+00:00\" \/>\n<meta property=\"article:modified_time\" content=\"2019-02-24T09:12:52+00:00\" \/>\n<meta property=\"og:image\" content=\"https:\/\/www.carideal.com\/blog\/wp-content\/uploads\/2011\/12\/bmw-116i-e1550999411760.jpg\" \/>\n\t<meta property=\"og:image:width\" content=\"600\" \/>\n\t<meta property=\"og:image:height\" content=\"333\" \/>\n\t<meta property=\"og:image:type\" content=\"image\/jpeg\" \/>\n<meta name=\"author\" content=\"N.S Carideal\" \/>\n<meta name=\"twitter:card\" content=\"summary_large_image\" \/>\n<meta name=\"twitter:creator\" content=\"@caridealauto\" \/>\n<meta name=\"twitter:site\" content=\"@caridealauto\" \/>\n<meta name=\"twitter:label1\" content=\"\u00c9crit par\" \/>\n\t<meta name=\"twitter:data1\" content=\"N.S Carideal\" \/>\n\t<meta name=\"twitter:label2\" content=\"Dur\u00e9e de lecture estim\u00e9e\" \/>\n\t<meta name=\"twitter:data2\" content=\"2 minutes\" \/>\n<script type=\"application\/ld+json\" class=\"yoast-schema-graph\">{\"@context\":\"https:\/\/schema.org\",\"@graph\":[{\"@type\":\"Article\",\"@id\":\"https:\/\/www.carideal.com\/blog\/2011\/12\/31\/nouvelle-bmw-116i\/#article\",\"isPartOf\":{\"@id\":\"https:\/\/www.carideal.com\/blog\/2011\/12\/31\/nouvelle-bmw-116i\/\"},\"author\":{\"name\":\"N.S Carideal\",\"@id\":\"https:\/\/www.carideal.com\/blog\/#\/schema\/person\/985c7e757d1042d647f21bfaf8d41ebc\"},\"headline\":\"Nouvelle BMW 116i 2012 \u00e0 l&rsquo;essai\",\"datePublished\":\"2011-12-31T14:20:00+00:00\",\"dateModified\":\"2019-02-24T09:12:52+00:00\",\"mainEntityOfPage\":{\"@id\":\"https:\/\/www.carideal.com\/blog\/2011\/12\/31\/nouvelle-bmw-116i\/\"},\"wordCount\":434,\"commentCount\":0,\"publisher\":{\"@id\":\"https:\/\/www.carideal.com\/blog\/#organization\"},\"image\":{\"@id\":\"https:\/\/www.carideal.com\/blog\/2011\/12\/31\/nouvelle-bmw-116i\/#primaryimage\"},\"thumbnailUrl\":\"https:\/\/www.carideal.com\/blog\/wp-content\/uploads\/2011\/12\/bmw-116i-e1550999411760.jpg\",\"articleSection\":[\"Actualit\u00e9 BMW\",\"Berlines\",\"Essais BMW\"],\"inLanguage\":\"fr-FR\",\"potentialAction\":[{\"@type\":\"CommentAction\",\"name\":\"Comment\",\"target\":[\"https:\/\/www.carideal.com\/blog\/2011\/12\/31\/nouvelle-bmw-116i\/#respond\"]}]},{\"@type\":\"WebPage\",\"@id\":\"https:\/\/www.carideal.com\/blog\/2011\/12\/31\/nouvelle-bmw-116i\/\",\"url\":\"https:\/\/www.carideal.com\/blog\/2011\/12\/31\/nouvelle-bmw-116i\/\",\"name\":\"Nouvelle BMW 116i 2012 \u00e0 l'essai - Blog auto Carid\u00e9al\",\"isPartOf\":{\"@id\":\"https:\/\/www.carideal.com\/blog\/#website\"},\"primaryImageOfPage\":{\"@id\":\"https:\/\/www.carideal.com\/blog\/2011\/12\/31\/nouvelle-bmw-116i\/#primaryimage\"},\"image\":{\"@id\":\"https:\/\/www.carideal.com\/blog\/2011\/12\/31\/nouvelle-bmw-116i\/#primaryimage\"},\"thumbnailUrl\":\"https:\/\/www.carideal.com\/blog\/wp-content\/uploads\/2011\/12\/bmw-116i-e1550999411760.jpg\",\"datePublished\":\"2011-12-31T14:20:00+00:00\",\"dateModified\":\"2019-02-24T09:12:52+00:00\",\"breadcrumb\":{\"@id\":\"https:\/\/www.carideal.com\/blog\/2011\/12\/31\/nouvelle-bmw-116i\/#breadcrumb\"},\"inLanguage\":\"fr-FR\",\"potentialAction\":[{\"@type\":\"ReadAction\",\"target\":[\"https:\/\/www.carideal.com\/blog\/2011\/12\/31\/nouvelle-bmw-116i\/\"]}]},{\"@type\":\"ImageObject\",\"inLanguage\":\"fr-FR\",\"@id\":\"https:\/\/www.carideal.com\/blog\/2011\/12\/31\/nouvelle-bmw-116i\/#primaryimage\",\"url\":\"https:\/\/www.carideal.com\/blog\/wp-content\/uploads\/2011\/12\/bmw-116i-e1550999411760.jpg\",\"contentUrl\":\"https:\/\/www.carideal.com\/blog\/wp-content\/uploads\/2011\/12\/bmw-116i-e1550999411760.jpg\",\"width\":600,\"height\":333,\"caption\":\"Nouvelle BMW 116i 2012 \u00e0 l'essai\"},{\"@type\":\"BreadcrumbList\",\"@id\":\"https:\/\/www.carideal.com\/blog\/2011\/12\/31\/nouvelle-bmw-116i\/#breadcrumb\",\"itemListElement\":[{\"@type\":\"ListItem\",\"position\":1,\"name\":\"Blog Carid\u00e9al\",\"item\":\"https:\/\/www.carideal.com\/blog\/\"},{\"@type\":\"ListItem\",\"position\":2,\"name\":\"Essais automobile\",\"item\":\"https:\/\/www.carideal.com\/blog\/essai\/\"},{\"@type\":\"ListItem\",\"position\":3,\"name\":\"Essais BMW\",\"item\":\"https:\/\/www.carideal.com\/blog\/essai\/essais-bmw\/\"},{\"@type\":\"ListItem\",\"position\":4,\"name\":\"Nouvelle BMW 116i 2012 \u00e0 l&rsquo;essai\"}]},{\"@type\":\"WebSite\",\"@id\":\"https:\/\/www.carideal.com\/blog\/#website\",\"url\":\"https:\/\/www.carideal.com\/blog\/\",\"name\":\"Blog auto Carid\u00e9al\",\"description\":\"Actualit\u00e9 auto par des passionn\u00e9s\",\"publisher\":{\"@id\":\"https:\/\/www.carideal.com\/blog\/#organization\"},\"potentialAction\":[{\"@type\":\"SearchAction\",\"target\":{\"@type\":\"EntryPoint\",\"urlTemplate\":\"https:\/\/www.carideal.com\/blog\/?s={search_term_string}\"},\"query-input\":{\"@type\":\"PropertyValueSpecification\",\"valueRequired\":true,\"valueName\":\"search_term_string\"}}],\"inLanguage\":\"fr-FR\"},{\"@type\":\"Organization\",\"@id\":\"https:\/\/www.carideal.com\/blog\/#organization\",\"name\":\"Carideal\",\"url\":\"https:\/\/www.carideal.com\/blog\/\",\"logo\":{\"@type\":\"ImageObject\",\"inLanguage\":\"fr-FR\",\"@id\":\"https:\/\/www.carideal.com\/blog\/#\/schema\/logo\/image\/\",\"url\":\"http:\/\/www.carideal.com\/blog\/wp-content\/uploads\/2016\/03\/logo-carideal-mandataire-automobile.png\",\"contentUrl\":\"http:\/\/www.carideal.com\/blog\/wp-content\/uploads\/2016\/03\/logo-carideal-mandataire-automobile.png\",\"width\":300,\"height\":300,\"caption\":\"Carideal\"},\"image\":{\"@id\":\"https:\/\/www.carideal.com\/blog\/#\/schema\/logo\/image\/\"},\"sameAs\":[\"https:\/\/www.facebook.com\/Carideal.mandataire.automobile\",\"https:\/\/x.com\/caridealauto\",\"https:\/\/www.instagram.com\/carideal1\/\",\"https:\/\/www.linkedin.com\/company\/carideal.com\",\"https:\/\/fr.pinterest.com\/schiavonsas\/\",\"https:\/\/www.youtube.com\/user\/caridealsas\"]},{\"@type\":\"Person\",\"@id\":\"https:\/\/www.carideal.com\/blog\/#\/schema\/person\/985c7e757d1042d647f21bfaf8d41ebc\",\"name\":\"N.S Carideal\",\"image\":{\"@type\":\"ImageObject\",\"inLanguage\":\"fr-FR\",\"@id\":\"https:\/\/www.carideal.com\/blog\/#\/schema\/person\/image\/\",\"url\":\"https:\/\/secure.gravatar.com\/avatar\/edb7ccdf1a4e3d14aef967760d354d0e?s=96&r=g\",\"contentUrl\":\"https:\/\/secure.gravatar.com\/avatar\/edb7ccdf1a4e3d14aef967760d354d0e?s=96&r=g\",\"caption\":\"N.S Carideal\"},\"description\":\"Depuis tout petit fan d'automobile. Il est question d'essayer et de comparer toutes ces voitures qui nous ont fait r\u00e9ver, avant que celles-ci ne devient uniquement des voitures de collection.\",\"sameAs\":[\"http:\/\/www.carideal.com\/blog\",\"https:\/\/www.facebook.com\/Carideal.mandataire.automobile\/\",\"https:\/\/www.linkedin.com\/in\/nschiavon\/\",\"https:\/\/www.youtube.com\/user\/caridealsas\/\"],\"url\":\"https:\/\/www.carideal.com\/blog\/author\/admin_carideal\/\"}]}<\/script>\n<!-- \/ Yoast SEO plugin. -->","yoast_head_json":{"title":"Nouvelle BMW 116i 2012 \u00e0 l'essai - Blog auto Carid\u00e9al","robots":{"index":"index","follow":"follow","max-snippet":"max-snippet:-1","max-image-preview":"max-image-preview:large","max-video-preview":"max-video-preview:-1"},"canonical":"https:\/\/www.carideal.com\/blog\/2011\/12\/31\/nouvelle-bmw-116i\/","og_locale":"fr_FR","og_type":"article","og_title":"Nouvelle BMW 116i 2012 \u00e0 l'essai - Blog auto Carid\u00e9al","og_description":"Nouvelle BMW 116i 2012 La nouvelle BMW 116i 2012 a certes gagn\u00e9 un nouveau moteur avec plus de brio, et de performances mais pas \u00e0 n'importe quel prix. A 25 450 \u20ac la version d'entr\u00e9e de gamme c'est un peu ch\u00e8re, et encore plus \u00e0 31550 \u20ac pour la version sport. Avec son petit moteur ... Lire plus","og_url":"https:\/\/www.carideal.com\/blog\/2011\/12\/31\/nouvelle-bmw-116i\/","og_site_name":"Blog auto Carid\u00e9al","article_publisher":"https:\/\/www.facebook.com\/Carideal.mandataire.automobile","article_author":"https:\/\/www.facebook.com\/Carideal.mandataire.automobile\/","article_published_time":"2011-12-31T14:20:00+00:00","article_modified_time":"2019-02-24T09:12:52+00:00","og_image":[{"width":600,"height":333,"url":"https:\/\/www.carideal.com\/blog\/wp-content\/uploads\/2011\/12\/bmw-116i-e1550999411760.jpg","type":"image\/jpeg"}],"author":"N.S Carideal","twitter_card":"summary_large_image","twitter_creator":"@caridealauto","twitter_site":"@caridealauto","twitter_misc":{"\u00c9crit par":"N.S Carideal","Dur\u00e9e de lecture estim\u00e9e":"2 minutes"},"schema":{"@context":"https:\/\/schema.org","@graph":[{"@type":"Article","@id":"https:\/\/www.carideal.com\/blog\/2011\/12\/31\/nouvelle-bmw-116i\/#article","isPartOf":{"@id":"https:\/\/www.carideal.com\/blog\/2011\/12\/31\/nouvelle-bmw-116i\/"},"author":{"name":"N.S Carideal","@id":"https:\/\/www.carideal.com\/blog\/#\/schema\/person\/985c7e757d1042d647f21bfaf8d41ebc"},"headline":"Nouvelle BMW 116i 2012 \u00e0 l&rsquo;essai","datePublished":"2011-12-31T14:20:00+00:00","dateModified":"2019-02-24T09:12:52+00:00","mainEntityOfPage":{"@id":"https:\/\/www.carideal.com\/blog\/2011\/12\/31\/nouvelle-bmw-116i\/"},"wordCount":434,"commentCount":0,"publisher":{"@id":"https:\/\/www.carideal.com\/blog\/#organization"},"image":{"@id":"https:\/\/www.carideal.com\/blog\/2011\/12\/31\/nouvelle-bmw-116i\/#primaryimage"},"thumbnailUrl":"https:\/\/www.carideal.com\/blog\/wp-content\/uploads\/2011\/12\/bmw-116i-e1550999411760.jpg","articleSection":["Actualit\u00e9 BMW","Berlines","Essais BMW"],"inLanguage":"fr-FR","potentialAction":[{"@type":"CommentAction","name":"Comment","target":["https:\/\/www.carideal.com\/blog\/2011\/12\/31\/nouvelle-bmw-116i\/#respond"]}]},{"@type":"WebPage","@id":"https:\/\/www.carideal.com\/blog\/2011\/12\/31\/nouvelle-bmw-116i\/","url":"https:\/\/www.carideal.com\/blog\/2011\/12\/31\/nouvelle-bmw-116i\/","name":"Nouvelle BMW 116i 2012 \u00e0 l'essai - Blog auto Carid\u00e9al","isPartOf":{"@id":"https:\/\/www.carideal.com\/blog\/#website"},"primaryImageOfPage":{"@id":"https:\/\/www.carideal.com\/blog\/2011\/12\/31\/nouvelle-bmw-116i\/#primaryimage"},"image":{"@id":"https:\/\/www.carideal.com\/blog\/2011\/12\/31\/nouvelle-bmw-116i\/#primaryimage"},"thumbnailUrl":"https:\/\/www.carideal.com\/blog\/wp-content\/uploads\/2011\/12\/bmw-116i-e1550999411760.jpg","datePublished":"2011-12-31T14:20:00+00:00","dateModified":"2019-02-24T09:12:52+00:00","breadcrumb":{"@id":"https:\/\/www.carideal.com\/blog\/2011\/12\/31\/nouvelle-bmw-116i\/#breadcrumb"},"inLanguage":"fr-FR","potentialAction":[{"@type":"ReadAction","target":["https:\/\/www.carideal.com\/blog\/2011\/12\/31\/nouvelle-bmw-116i\/"]}]},{"@type":"ImageObject","inLanguage":"fr-FR","@id":"https:\/\/www.carideal.com\/blog\/2011\/12\/31\/nouvelle-bmw-116i\/#primaryimage","url":"https:\/\/www.carideal.com\/blog\/wp-content\/uploads\/2011\/12\/bmw-116i-e1550999411760.jpg","contentUrl":"https:\/\/www.carideal.com\/blog\/wp-content\/uploads\/2011\/12\/bmw-116i-e1550999411760.jpg","width":600,"height":333,"caption":"Nouvelle BMW 116i 2012 \u00e0 l'essai"},{"@type":"BreadcrumbList","@id":"https:\/\/www.carideal.com\/blog\/2011\/12\/31\/nouvelle-bmw-116i\/#breadcrumb","itemListElement":[{"@type":"ListItem","position":1,"name":"Blog Carid\u00e9al","item":"https:\/\/www.carideal.com\/blog\/"},{"@type":"ListItem","position":2,"name":"Essais automobile","item":"https:\/\/www.carideal.com\/blog\/essai\/"},{"@type":"ListItem","position":3,"name":"Essais BMW","item":"https:\/\/www.carideal.com\/blog\/essai\/essais-bmw\/"},{"@type":"ListItem","position":4,"name":"Nouvelle BMW 116i 2012 \u00e0 l&rsquo;essai"}]},{"@type":"WebSite","@id":"https:\/\/www.carideal.com\/blog\/#website","url":"https:\/\/www.carideal.com\/blog\/","name":"Blog auto Carid\u00e9al","description":"Actualit\u00e9 auto par des passionn\u00e9s","publisher":{"@id":"https:\/\/www.carideal.com\/blog\/#organization"},"potentialAction":[{"@type":"SearchAction","target":{"@type":"EntryPoint","urlTemplate":"https:\/\/www.carideal.com\/blog\/?s={search_term_string}"},"query-input":{"@type":"PropertyValueSpecification","valueRequired":true,"valueName":"search_term_string"}}],"inLanguage":"fr-FR"},{"@type":"Organization","@id":"https:\/\/www.carideal.com\/blog\/#organization","name":"Carideal","url":"https:\/\/www.carideal.com\/blog\/","logo":{"@type":"ImageObject","inLanguage":"fr-FR","@id":"https:\/\/www.carideal.com\/blog\/#\/schema\/logo\/image\/","url":"http:\/\/www.carideal.com\/blog\/wp-content\/uploads\/2016\/03\/logo-carideal-mandataire-automobile.png","contentUrl":"http:\/\/www.carideal.com\/blog\/wp-content\/uploads\/2016\/03\/logo-carideal-mandataire-automobile.png","width":300,"height":300,"caption":"Carideal"},"image":{"@id":"https:\/\/www.carideal.com\/blog\/#\/schema\/logo\/image\/"},"sameAs":["https:\/\/www.facebook.com\/Carideal.mandataire.automobile","https:\/\/x.com\/caridealauto","https:\/\/www.instagram.com\/carideal1\/","https:\/\/www.linkedin.com\/company\/carideal.com","https:\/\/fr.pinterest.com\/schiavonsas\/","https:\/\/www.youtube.com\/user\/caridealsas"]},{"@type":"Person","@id":"https:\/\/www.carideal.com\/blog\/#\/schema\/person\/985c7e757d1042d647f21bfaf8d41ebc","name":"N.S Carideal","image":{"@type":"ImageObject","inLanguage":"fr-FR","@id":"https:\/\/www.carideal.com\/blog\/#\/schema\/person\/image\/","url":"https:\/\/secure.gravatar.com\/avatar\/edb7ccdf1a4e3d14aef967760d354d0e?s=96&r=g","contentUrl":"https:\/\/secure.gravatar.com\/avatar\/edb7ccdf1a4e3d14aef967760d354d0e?s=96&r=g","caption":"N.S Carideal"},"description":"Depuis tout petit fan d'automobile. Il est question d'essayer et de comparer toutes ces voitures qui nous ont fait r\u00e9ver, avant que celles-ci ne devient uniquement des voitures de collection.","sameAs":["http:\/\/www.carideal.com\/blog","https:\/\/www.facebook.com\/Carideal.mandataire.automobile\/","https:\/\/www.linkedin.com\/in\/nschiavon\/","https:\/\/www.youtube.com\/user\/caridealsas\/"],"url":"https:\/\/www.carideal.com\/blog\/author\/admin_carideal\/"}]}},"uagb_featured_image_src":{"full":["https:\/\/www.carideal.com\/blog\/wp-content\/uploads\/2011\/12\/bmw-116i-e1550999411760.jpg",600,333,false],"thumbnail":["https:\/\/www.carideal.com\/blog\/wp-content\/uploads\/2011\/12\/bmw-116i-150x150.jpg",150,150,true],"medium":["https:\/\/www.carideal.com\/blog\/wp-content\/uploads\/2011\/12\/bmw-116i-300x166.jpg",300,166,true],"medium_large":["https:\/\/www.carideal.com\/blog\/wp-content\/uploads\/2011\/12\/bmw-116i-768x426.jpg",768,426,true],"large":["https:\/\/www.carideal.com\/blog\/wp-content\/uploads\/2011\/12\/bmw-116i-e1550999411760.jpg",600,333,false],"1536x1536":["https:\/\/www.carideal.com\/blog\/wp-content\/uploads\/2011\/12\/bmw-116i-e1550999411760.jpg",600,333,false],"2048x2048":["https:\/\/www.carideal.com\/blog\/wp-content\/uploads\/2011\/12\/bmw-116i-e1550999411760.jpg",600,333,false],"wppr-widget":["https:\/\/www.carideal.com\/blog\/wp-content\/uploads\/2011\/12\/bmw-116i-50x28.jpg",50,28,true]},"uagb_author_info":{"display_name":"N.S Carideal","author_link":"https:\/\/www.carideal.com\/blog\/author\/admin_carideal\/"},"uagb_comment_info":0,"uagb_excerpt":"Nouvelle BMW 116i 2012 La nouvelle BMW 116i 2012 a certes gagn\u00e9 un nouveau moteur avec plus de brio, et de performances mais pas \u00e0 n'importe quel prix. A 25 450 \u20ac la version d'entr\u00e9e de gamme c'est un peu ch\u00e8re, et encore plus \u00e0 31550 \u20ac pour la version sport. Avec son petit moteur\u2026","_links":{"self":[{"href":"https:\/\/www.carideal.com\/blog\/wp-json\/wp\/v2\/posts\/1018"}],"collection":[{"href":"https:\/\/www.carideal.com\/blog\/wp-json\/wp\/v2\/posts"}],"about":[{"href":"https:\/\/www.carideal.com\/blog\/wp-json\/wp\/v2\/types\/post"}],"author":[{"embeddable":true,"href":"https:\/\/www.carideal.com\/blog\/wp-json\/wp\/v2\/users\/1"}],"replies":[{"embeddable":true,"href":"https:\/\/www.carideal.com\/blog\/wp-json\/wp\/v2\/comments?post=1018"}],"version-history":[{"count":0,"href":"https:\/\/www.carideal.com\/blog\/wp-json\/wp\/v2\/posts\/1018\/revisions"}],"wp:featuredmedia":[{"embeddable":true,"href":"https:\/\/www.carideal.com\/blog\/wp-json\/wp\/v2\/media\/19195"}],"wp:attachment":[{"href":"https:\/\/www.carideal.com\/blog\/wp-json\/wp\/v2\/media?parent=1018"}],"wp:term":[{"taxonomy":"category","embeddable":true,"href":"https:\/\/www.carideal.com\/blog\/wp-json\/wp\/v2\/categories?post=1018"},{"taxonomy":"post_tag","embeddable":true,"href":"https:\/\/www.carideal.com\/blog\/wp-json\/wp\/v2\/tags?post=1018"}],"curies":[{"name":"wp","href":"https:\/\/api.w.org\/{rel}","templated":true}]}}