{"id":1015,"date":"2011-12-29T11:08:00","date_gmt":"2011-12-29T11:08:00","guid":{"rendered":"http:\/\/carideal.com\/blog\/?p=1015"},"modified":"2019-02-24T11:21:28","modified_gmt":"2019-02-24T10:21:28","slug":"citroen-ds1","status":"publish","type":"post","link":"https:\/\/www.carideal.com\/blog\/2011\/12\/29\/citroen-ds1\/","title":{"rendered":"Citroen DS1 pour bient\u00f4t ? Les news"},"content":{"rendered":"<h2>Citroen DS1 pour bient\u00f4t ? Les news<\/h2>\n<p>On ne sait pas encore si elle portera le patronyme de <strong>Citroen DS1<\/strong> ou DS2, ni m\u00eame les d\u00e9tails de son apparence, afin de concurrencer les Fiat 500, ou m\u00eame <a href=\"http:\/\/www.carideal.com\/blog\/2012\/11\/29\/smart-forstar\/\">Smart<\/a>. Elle devra \u00eatre plus abordable qu'une <a href=\"http:\/\/www.carideal.com\/blog\/2012\/06\/25\/citroen-ds3\/\">DS3<\/a>, serait bas\u00e9 sur la plateforme de la <a href=\"http:\/\/www.carideal.com\/blog\/2012\/04\/05\/citroen-c1\/\">Citroen C1<\/a> et sera personnalisable \u00e0 outrance. Le but serait d'inonder les centres ville suite au succ\u00e8s de la DS3. Elle devrait \u00eatre \u00e9quip\u00e9e de moteurs essence de 70 et 100 ch et pourquoi pas d'une version GTI de 130 ch ?<\/p>\n<p>La nouvelle DS1 impressionnante sera bas\u00e9e sur la C1 et s'inspirera de la plus grande DS3 pour rivaliser avec la <a href=\"http:\/\/www.carideal.com\/blog\/2012\/09\/28\/fiat-500-coupe\/\">Fiat 500<\/a><br \/>\nCitroen vise la Fiat 500 avec une nouvelle addition \u00e0 la famille DS. La DS1 rejoindra les DS3, <a href=\"http:\/\/www.carideal.com\/blog\/2011\/06\/14\/la-citroen-ds4-remporte-le-prix-du-design-de-l-allemand-auto-bild\/\">DS4<\/a> et <a href=\"http:\/\/www.carideal.com\/blog\/marque-de-voiture-actualites-essais\/ds\/ds5\/\">DS5<\/a> et offrira une v\u00e9ritable alternative \u00e0 la citadine \u00e0 la mode Fiat.<\/p>\n<ul>\n<li><a href=\"http:\/\/www.carideal.com\/blog\/2014\/06\/11\/top-10-des-citadines-2014\/\">Les meilleures citadines<\/a><\/li>\n<\/ul>\n<p>Nos illustrations exclusives montrent \u00e0 quoi pourrait ressembler la DS1 et les similitudes avec les autres voitures de la famille sont \u00e9videntes. La calandre \u00e0 double chevron appara\u00eet \u00e0 nouveau, avec des feux de jour \u00e0 LED de chaque c\u00f4t\u00e9. Les trois portes emprunteront \u00e9galement l'arri\u00e8re de la DS3 aux arri\u00e8res en C flottantes, ce qui permettra aux vitres lat\u00e9rales de s\u2019\u00e9couler sans \u00e0-coups dans le pare-brise arri\u00e8re.<\/p>\n<figure id=\"attachment_19205\" aria-describedby=\"caption-attachment-19205\" style=\"width: 590px\" class=\"wp-caption alignnone\"><a href=\"http:\/\/www.carideal.com\/blog\/wp-content\/uploads\/2011\/12\/citroen-ds1-arriere-e1551003540477.jpg\"><img loading=\"lazy\" decoding=\"async\" class=\"wp-image-19205 size-full\" title=\"Citroen DS1 pour bient\u00f4t ? Les news\" src=\"http:\/\/www.carideal.com\/blog\/wp-content\/uploads\/2011\/12\/citroen-ds1-arriere-e1551003540477.jpg\" alt=\"Citroen DS1 pour bient\u00f4t ? Les news\" width=\"600\" height=\"400\" \/><\/a><figcaption id=\"caption-attachment-19205\" class=\"wp-caption-text\">Citroen DS1 pour bient\u00f4t ? Les news<\/figcaption><\/figure>\n<p>Sous la carrosserie, le nouveau mod\u00e8le utilisera la plate-forme de la prochaine g\u00e9n\u00e9ration de C1, qui augmentera l\u00e9g\u00e8rement pour combler l'\u00e9cart laiss\u00e9 par la <a href=\"http:\/\/www.carideal.com\/blog\/2008\/04\/15\/citroen-c2-d-occasion\/\">Citroen C2<\/a>, lanc\u00e9e en 2009. La DS1 fera environ 3,6 m\u00e8tres de long et aura une taille identique \u00e0 celle de la <a href=\"http:\/\/www.carideal.com\/blog\/marque-de-voiture-actualites-essais\/renault\/\">Renault<\/a>. <a href=\"http:\/\/www.carideal.com\/blog\/2008\/08\/26\/renault-twingo-i-d-occasion\/\">Twingo<\/a>, mais <a href=\"http:\/\/www.carideal.com\/blog\/marque-de-voiture-actualites-essais\/citroen\/\">Citro\u00ebn<\/a> se positionne plus haut de gamme.<\/p>\n<p>L\u2019annonce devrait \u00eatre d\u00e9voil\u00e9e au salon de l\u2019automobile de mars, \u00e0 <a href=\"http:\/\/www.carideal.com\/blog\/2012\/03\/09\/salon-de-l-auto-de-geneve-2012\/\">Gen\u00e8ve<\/a>, et les ventes commenceront en 2013. Les prix devraient d\u00e9buter aux alentours de 15000 \u20ac, soit 2000 \u20ac de plus que le C1 d\u2019entr\u00e9e de gamme - mais les \u00e9quipements et le souci du d\u00e9tail feront un bond consid\u00e9rable. Comme pour le reste de la <a href=\"http:\/\/www.carideal.com\/blog\/marque-de-voiture-actualites-essais\/ds\/\">gamme DS<\/a>, la personnalisation constituera une part importante de l\u2019appel, avec des options \u00e0 code de couleur pour le tableau de bord, les panneaux de porte et les panneaux rembourr\u00e9s.<\/p>\n<p>Deux nouveaux moteurs \u00e0 essence trois cylindres seront propos\u00e9s. Les moteurs 1.0 de 67 ch et 1,2 litre de 81 ch de seront dot\u00e9s d'un syst\u00e8me Stop-Start et \u00e9mettront moins de 100 g \/ km de CO2. Ils devraient faire leurs d\u00e9buts sur la nouvelle <a href=\"http:\/\/www.carideal.com\/blog\/2012\/06\/08\/la-peugeot-208\/\">Peugeot 208<\/a> cet \u00e9t\u00e9.<\/p>\n","protected":false},"excerpt":{"rendered":"<p>Citroen DS1 pour bient\u00f4t ? Les news On ne sait pas encore si elle portera le patronyme de Citroen DS1 ou DS2, ni m\u00eame les d\u00e9tails de son apparence, afin de concurrencer les Fiat 500, ou m\u00eame Smart. Elle devra \u00eatre plus abordable qu&rsquo;une DS3, serait bas\u00e9 sur la plateforme de la Citroen C1 et &#8230; <a title=\"Citroen DS1 pour bient\u00f4t ? Les news\" class=\"read-more\" href=\"https:\/\/www.carideal.com\/blog\/2011\/12\/29\/citroen-ds1\/\" aria-label=\"En savoir plus sur Citroen DS1 pour bient\u00f4t ? Les news\">Lire plus<\/a><\/p>\n","protected":false},"author":1,"featured_media":19204,"comment_status":"open","ping_status":"open","sticky":false,"template":"","format":"standard","meta":{"_uag_custom_page_level_css":"","_themeisle_gutenberg_block_has_review":false,"footnotes":""},"categories":[6001,5974],"tags":[1348],"class_list":["post-1015","post","type-post","status-publish","format-standard","has-post-thumbnail","hentry","category-ds","category-type-de-vehicule","tag-citadine"],"wppr_data":{"cwp_meta_box_check":"No"},"yoast_head":"<!-- This site is optimized with the Yoast SEO plugin v24.8.1 - https:\/\/yoast.com\/wordpress\/plugins\/seo\/ -->\n<title>Citroen DS1 pour bient\u00f4t ? Les news - Blog auto Carid\u00e9al<\/title>\n<meta name=\"description\" content=\"La future Citroen DS1 s\u00e9duit par sa C1 et s&#039;inspire de la DS3 plus grande pour rivaliser avec la Fiat 500 pour conqu\u00e9rir le march\u00e9 des Citadine premium\" \/>\n<meta name=\"robots\" content=\"index, follow, max-snippet:-1, max-image-preview:large, max-video-preview:-1\" \/>\n<link rel=\"canonical\" href=\"https:\/\/www.carideal.com\/blog\/2011\/12\/29\/citroen-ds1\/\" \/>\n<meta property=\"og:locale\" content=\"fr_FR\" \/>\n<meta property=\"og:type\" content=\"article\" \/>\n<meta property=\"og:title\" content=\"Citroen DS1 pour bient\u00f4t ? Les news - Blog auto Carid\u00e9al\" \/>\n<meta property=\"og:description\" content=\"La future Citroen DS1 s\u00e9duit par sa C1 et s&#039;inspire de la DS3 plus grande pour rivaliser avec la Fiat 500 pour conqu\u00e9rir le march\u00e9 des Citadine premium\" \/>\n<meta property=\"og:url\" content=\"https:\/\/www.carideal.com\/blog\/2011\/12\/29\/citroen-ds1\/\" \/>\n<meta property=\"og:site_name\" content=\"Blog auto Carid\u00e9al\" \/>\n<meta property=\"article:publisher\" content=\"https:\/\/www.facebook.com\/Carideal.mandataire.automobile\" \/>\n<meta property=\"article:author\" content=\"https:\/\/www.facebook.com\/Carideal.mandataire.automobile\/\" \/>\n<meta property=\"article:published_time\" content=\"2011-12-29T11:08:00+00:00\" \/>\n<meta property=\"article:modified_time\" content=\"2019-02-24T10:21:28+00:00\" \/>\n<meta property=\"og:image\" content=\"https:\/\/www.carideal.com\/blog\/wp-content\/uploads\/2011\/12\/citroen-ds1-avant-e1551003451314.jpg\" \/>\n\t<meta property=\"og:image:width\" content=\"600\" \/>\n\t<meta property=\"og:image:height\" content=\"400\" \/>\n\t<meta property=\"og:image:type\" content=\"image\/jpeg\" \/>\n<meta name=\"author\" content=\"N.S Carideal\" \/>\n<meta name=\"twitter:card\" content=\"summary_large_image\" \/>\n<meta name=\"twitter:creator\" content=\"@caridealauto\" \/>\n<meta name=\"twitter:site\" content=\"@caridealauto\" \/>\n<meta name=\"twitter:label1\" content=\"\u00c9crit par\" \/>\n\t<meta name=\"twitter:data1\" content=\"N.S Carideal\" \/>\n\t<meta name=\"twitter:label2\" content=\"Dur\u00e9e de lecture estim\u00e9e\" \/>\n\t<meta name=\"twitter:data2\" content=\"2 minutes\" \/>\n<script type=\"application\/ld+json\" class=\"yoast-schema-graph\">{\"@context\":\"https:\/\/schema.org\",\"@graph\":[{\"@type\":\"Article\",\"@id\":\"https:\/\/www.carideal.com\/blog\/2011\/12\/29\/citroen-ds1\/#article\",\"isPartOf\":{\"@id\":\"https:\/\/www.carideal.com\/blog\/2011\/12\/29\/citroen-ds1\/\"},\"author\":{\"name\":\"N.S Carideal\",\"@id\":\"https:\/\/www.carideal.com\/blog\/#\/schema\/person\/985c7e757d1042d647f21bfaf8d41ebc\"},\"headline\":\"Citroen DS1 pour bient\u00f4t ? Les news\",\"datePublished\":\"2011-12-29T11:08:00+00:00\",\"dateModified\":\"2019-02-24T10:21:28+00:00\",\"mainEntityOfPage\":{\"@id\":\"https:\/\/www.carideal.com\/blog\/2011\/12\/29\/citroen-ds1\/\"},\"wordCount\":439,\"commentCount\":0,\"publisher\":{\"@id\":\"https:\/\/www.carideal.com\/blog\/#organization\"},\"image\":{\"@id\":\"https:\/\/www.carideal.com\/blog\/2011\/12\/29\/citroen-ds1\/#primaryimage\"},\"thumbnailUrl\":\"https:\/\/www.carideal.com\/blog\/wp-content\/uploads\/2011\/12\/citroen-ds1-avant-e1551003451314.jpg\",\"keywords\":[\"Voiture citadine\"],\"articleSection\":[\"Actualit\u00e9 DS\",\"Type de v\u00e9hicule\"],\"inLanguage\":\"fr-FR\",\"potentialAction\":[{\"@type\":\"CommentAction\",\"name\":\"Comment\",\"target\":[\"https:\/\/www.carideal.com\/blog\/2011\/12\/29\/citroen-ds1\/#respond\"]}]},{\"@type\":\"WebPage\",\"@id\":\"https:\/\/www.carideal.com\/blog\/2011\/12\/29\/citroen-ds1\/\",\"url\":\"https:\/\/www.carideal.com\/blog\/2011\/12\/29\/citroen-ds1\/\",\"name\":\"Citroen DS1 pour bient\u00f4t ? Les news - Blog auto Carid\u00e9al\",\"isPartOf\":{\"@id\":\"https:\/\/www.carideal.com\/blog\/#website\"},\"primaryImageOfPage\":{\"@id\":\"https:\/\/www.carideal.com\/blog\/2011\/12\/29\/citroen-ds1\/#primaryimage\"},\"image\":{\"@id\":\"https:\/\/www.carideal.com\/blog\/2011\/12\/29\/citroen-ds1\/#primaryimage\"},\"thumbnailUrl\":\"https:\/\/www.carideal.com\/blog\/wp-content\/uploads\/2011\/12\/citroen-ds1-avant-e1551003451314.jpg\",\"datePublished\":\"2011-12-29T11:08:00+00:00\",\"dateModified\":\"2019-02-24T10:21:28+00:00\",\"description\":\"La future Citroen DS1 s\u00e9duit par sa C1 et s'inspire de la DS3 plus grande pour rivaliser avec la Fiat 500 pour conqu\u00e9rir le march\u00e9 des Citadine premium\",\"breadcrumb\":{\"@id\":\"https:\/\/www.carideal.com\/blog\/2011\/12\/29\/citroen-ds1\/#breadcrumb\"},\"inLanguage\":\"fr-FR\",\"potentialAction\":[{\"@type\":\"ReadAction\",\"target\":[\"https:\/\/www.carideal.com\/blog\/2011\/12\/29\/citroen-ds1\/\"]}]},{\"@type\":\"ImageObject\",\"inLanguage\":\"fr-FR\",\"@id\":\"https:\/\/www.carideal.com\/blog\/2011\/12\/29\/citroen-ds1\/#primaryimage\",\"url\":\"https:\/\/www.carideal.com\/blog\/wp-content\/uploads\/2011\/12\/citroen-ds1-avant-e1551003451314.jpg\",\"contentUrl\":\"https:\/\/www.carideal.com\/blog\/wp-content\/uploads\/2011\/12\/citroen-ds1-avant-e1551003451314.jpg\",\"width\":600,\"height\":400,\"caption\":\"Citroen DS1 pour bient\u00f4t ? Les news\"},{\"@type\":\"BreadcrumbList\",\"@id\":\"https:\/\/www.carideal.com\/blog\/2011\/12\/29\/citroen-ds1\/#breadcrumb\",\"itemListElement\":[{\"@type\":\"ListItem\",\"position\":1,\"name\":\"Blog Carid\u00e9al\",\"item\":\"https:\/\/www.carideal.com\/blog\/\"},{\"@type\":\"ListItem\",\"position\":2,\"name\":\"Actualit\u00e9 constructeur automobile\",\"item\":\"https:\/\/www.carideal.com\/blog\/constructeur\/\"},{\"@type\":\"ListItem\",\"position\":3,\"name\":\"Actualit\u00e9 DS\",\"item\":\"https:\/\/www.carideal.com\/blog\/constructeur\/ds\/\"},{\"@type\":\"ListItem\",\"position\":4,\"name\":\"Citroen DS1 pour bient\u00f4t ? Les news\"}]},{\"@type\":\"WebSite\",\"@id\":\"https:\/\/www.carideal.com\/blog\/#website\",\"url\":\"https:\/\/www.carideal.com\/blog\/\",\"name\":\"Blog auto Carid\u00e9al\",\"description\":\"Actualit\u00e9 auto par des passionn\u00e9s\",\"publisher\":{\"@id\":\"https:\/\/www.carideal.com\/blog\/#organization\"},\"potentialAction\":[{\"@type\":\"SearchAction\",\"target\":{\"@type\":\"EntryPoint\",\"urlTemplate\":\"https:\/\/www.carideal.com\/blog\/?s={search_term_string}\"},\"query-input\":{\"@type\":\"PropertyValueSpecification\",\"valueRequired\":true,\"valueName\":\"search_term_string\"}}],\"inLanguage\":\"fr-FR\"},{\"@type\":\"Organization\",\"@id\":\"https:\/\/www.carideal.com\/blog\/#organization\",\"name\":\"Carideal\",\"url\":\"https:\/\/www.carideal.com\/blog\/\",\"logo\":{\"@type\":\"ImageObject\",\"inLanguage\":\"fr-FR\",\"@id\":\"https:\/\/www.carideal.com\/blog\/#\/schema\/logo\/image\/\",\"url\":\"http:\/\/www.carideal.com\/blog\/wp-content\/uploads\/2016\/03\/logo-carideal-mandataire-automobile.png\",\"contentUrl\":\"http:\/\/www.carideal.com\/blog\/wp-content\/uploads\/2016\/03\/logo-carideal-mandataire-automobile.png\",\"width\":300,\"height\":300,\"caption\":\"Carideal\"},\"image\":{\"@id\":\"https:\/\/www.carideal.com\/blog\/#\/schema\/logo\/image\/\"},\"sameAs\":[\"https:\/\/www.facebook.com\/Carideal.mandataire.automobile\",\"https:\/\/x.com\/caridealauto\",\"https:\/\/www.instagram.com\/carideal1\/\",\"https:\/\/www.linkedin.com\/company\/carideal.com\",\"https:\/\/fr.pinterest.com\/schiavonsas\/\",\"https:\/\/www.youtube.com\/user\/caridealsas\"]},{\"@type\":\"Person\",\"@id\":\"https:\/\/www.carideal.com\/blog\/#\/schema\/person\/985c7e757d1042d647f21bfaf8d41ebc\",\"name\":\"N.S Carideal\",\"image\":{\"@type\":\"ImageObject\",\"inLanguage\":\"fr-FR\",\"@id\":\"https:\/\/www.carideal.com\/blog\/#\/schema\/person\/image\/\",\"url\":\"https:\/\/secure.gravatar.com\/avatar\/edb7ccdf1a4e3d14aef967760d354d0e?s=96&r=g\",\"contentUrl\":\"https:\/\/secure.gravatar.com\/avatar\/edb7ccdf1a4e3d14aef967760d354d0e?s=96&r=g\",\"caption\":\"N.S Carideal\"},\"description\":\"Depuis tout petit fan d'automobile. Il est question d'essayer et de comparer toutes ces voitures qui nous ont fait r\u00e9ver, avant que celles-ci ne devient uniquement des voitures de collection.\",\"sameAs\":[\"http:\/\/www.carideal.com\/blog\",\"https:\/\/www.facebook.com\/Carideal.mandataire.automobile\/\",\"https:\/\/www.linkedin.com\/in\/nschiavon\/\",\"https:\/\/www.youtube.com\/user\/caridealsas\/\"],\"url\":\"https:\/\/www.carideal.com\/blog\/author\/admin_carideal\/\"}]}<\/script>\n<!-- \/ Yoast SEO plugin. -->","yoast_head_json":{"title":"Citroen DS1 pour bient\u00f4t ? Les news - Blog auto Carid\u00e9al","description":"La future Citroen DS1 s\u00e9duit par sa C1 et s'inspire de la DS3 plus grande pour rivaliser avec la Fiat 500 pour conqu\u00e9rir le march\u00e9 des Citadine premium","robots":{"index":"index","follow":"follow","max-snippet":"max-snippet:-1","max-image-preview":"max-image-preview:large","max-video-preview":"max-video-preview:-1"},"canonical":"https:\/\/www.carideal.com\/blog\/2011\/12\/29\/citroen-ds1\/","og_locale":"fr_FR","og_type":"article","og_title":"Citroen DS1 pour bient\u00f4t ? Les news - Blog auto Carid\u00e9al","og_description":"La future Citroen DS1 s\u00e9duit par sa C1 et s'inspire de la DS3 plus grande pour rivaliser avec la Fiat 500 pour conqu\u00e9rir le march\u00e9 des Citadine premium","og_url":"https:\/\/www.carideal.com\/blog\/2011\/12\/29\/citroen-ds1\/","og_site_name":"Blog auto Carid\u00e9al","article_publisher":"https:\/\/www.facebook.com\/Carideal.mandataire.automobile","article_author":"https:\/\/www.facebook.com\/Carideal.mandataire.automobile\/","article_published_time":"2011-12-29T11:08:00+00:00","article_modified_time":"2019-02-24T10:21:28+00:00","og_image":[{"width":600,"height":400,"url":"https:\/\/www.carideal.com\/blog\/wp-content\/uploads\/2011\/12\/citroen-ds1-avant-e1551003451314.jpg","type":"image\/jpeg"}],"author":"N.S Carideal","twitter_card":"summary_large_image","twitter_creator":"@caridealauto","twitter_site":"@caridealauto","twitter_misc":{"\u00c9crit par":"N.S Carideal","Dur\u00e9e de lecture estim\u00e9e":"2 minutes"},"schema":{"@context":"https:\/\/schema.org","@graph":[{"@type":"Article","@id":"https:\/\/www.carideal.com\/blog\/2011\/12\/29\/citroen-ds1\/#article","isPartOf":{"@id":"https:\/\/www.carideal.com\/blog\/2011\/12\/29\/citroen-ds1\/"},"author":{"name":"N.S Carideal","@id":"https:\/\/www.carideal.com\/blog\/#\/schema\/person\/985c7e757d1042d647f21bfaf8d41ebc"},"headline":"Citroen DS1 pour bient\u00f4t ? Les news","datePublished":"2011-12-29T11:08:00+00:00","dateModified":"2019-02-24T10:21:28+00:00","mainEntityOfPage":{"@id":"https:\/\/www.carideal.com\/blog\/2011\/12\/29\/citroen-ds1\/"},"wordCount":439,"commentCount":0,"publisher":{"@id":"https:\/\/www.carideal.com\/blog\/#organization"},"image":{"@id":"https:\/\/www.carideal.com\/blog\/2011\/12\/29\/citroen-ds1\/#primaryimage"},"thumbnailUrl":"https:\/\/www.carideal.com\/blog\/wp-content\/uploads\/2011\/12\/citroen-ds1-avant-e1551003451314.jpg","keywords":["Voiture citadine"],"articleSection":["Actualit\u00e9 DS","Type de v\u00e9hicule"],"inLanguage":"fr-FR","potentialAction":[{"@type":"CommentAction","name":"Comment","target":["https:\/\/www.carideal.com\/blog\/2011\/12\/29\/citroen-ds1\/#respond"]}]},{"@type":"WebPage","@id":"https:\/\/www.carideal.com\/blog\/2011\/12\/29\/citroen-ds1\/","url":"https:\/\/www.carideal.com\/blog\/2011\/12\/29\/citroen-ds1\/","name":"Citroen DS1 pour bient\u00f4t ? Les news - Blog auto Carid\u00e9al","isPartOf":{"@id":"https:\/\/www.carideal.com\/blog\/#website"},"primaryImageOfPage":{"@id":"https:\/\/www.carideal.com\/blog\/2011\/12\/29\/citroen-ds1\/#primaryimage"},"image":{"@id":"https:\/\/www.carideal.com\/blog\/2011\/12\/29\/citroen-ds1\/#primaryimage"},"thumbnailUrl":"https:\/\/www.carideal.com\/blog\/wp-content\/uploads\/2011\/12\/citroen-ds1-avant-e1551003451314.jpg","datePublished":"2011-12-29T11:08:00+00:00","dateModified":"2019-02-24T10:21:28+00:00","description":"La future Citroen DS1 s\u00e9duit par sa C1 et s'inspire de la DS3 plus grande pour rivaliser avec la Fiat 500 pour conqu\u00e9rir le march\u00e9 des Citadine premium","breadcrumb":{"@id":"https:\/\/www.carideal.com\/blog\/2011\/12\/29\/citroen-ds1\/#breadcrumb"},"inLanguage":"fr-FR","potentialAction":[{"@type":"ReadAction","target":["https:\/\/www.carideal.com\/blog\/2011\/12\/29\/citroen-ds1\/"]}]},{"@type":"ImageObject","inLanguage":"fr-FR","@id":"https:\/\/www.carideal.com\/blog\/2011\/12\/29\/citroen-ds1\/#primaryimage","url":"https:\/\/www.carideal.com\/blog\/wp-content\/uploads\/2011\/12\/citroen-ds1-avant-e1551003451314.jpg","contentUrl":"https:\/\/www.carideal.com\/blog\/wp-content\/uploads\/2011\/12\/citroen-ds1-avant-e1551003451314.jpg","width":600,"height":400,"caption":"Citroen DS1 pour bient\u00f4t ? Les news"},{"@type":"BreadcrumbList","@id":"https:\/\/www.carideal.com\/blog\/2011\/12\/29\/citroen-ds1\/#breadcrumb","itemListElement":[{"@type":"ListItem","position":1,"name":"Blog Carid\u00e9al","item":"https:\/\/www.carideal.com\/blog\/"},{"@type":"ListItem","position":2,"name":"Actualit\u00e9 constructeur automobile","item":"https:\/\/www.carideal.com\/blog\/constructeur\/"},{"@type":"ListItem","position":3,"name":"Actualit\u00e9 DS","item":"https:\/\/www.carideal.com\/blog\/constructeur\/ds\/"},{"@type":"ListItem","position":4,"name":"Citroen DS1 pour bient\u00f4t ? Les news"}]},{"@type":"WebSite","@id":"https:\/\/www.carideal.com\/blog\/#website","url":"https:\/\/www.carideal.com\/blog\/","name":"Blog auto Carid\u00e9al","description":"Actualit\u00e9 auto par des passionn\u00e9s","publisher":{"@id":"https:\/\/www.carideal.com\/blog\/#organization"},"potentialAction":[{"@type":"SearchAction","target":{"@type":"EntryPoint","urlTemplate":"https:\/\/www.carideal.com\/blog\/?s={search_term_string}"},"query-input":{"@type":"PropertyValueSpecification","valueRequired":true,"valueName":"search_term_string"}}],"inLanguage":"fr-FR"},{"@type":"Organization","@id":"https:\/\/www.carideal.com\/blog\/#organization","name":"Carideal","url":"https:\/\/www.carideal.com\/blog\/","logo":{"@type":"ImageObject","inLanguage":"fr-FR","@id":"https:\/\/www.carideal.com\/blog\/#\/schema\/logo\/image\/","url":"http:\/\/www.carideal.com\/blog\/wp-content\/uploads\/2016\/03\/logo-carideal-mandataire-automobile.png","contentUrl":"http:\/\/www.carideal.com\/blog\/wp-content\/uploads\/2016\/03\/logo-carideal-mandataire-automobile.png","width":300,"height":300,"caption":"Carideal"},"image":{"@id":"https:\/\/www.carideal.com\/blog\/#\/schema\/logo\/image\/"},"sameAs":["https:\/\/www.facebook.com\/Carideal.mandataire.automobile","https:\/\/x.com\/caridealauto","https:\/\/www.instagram.com\/carideal1\/","https:\/\/www.linkedin.com\/company\/carideal.com","https:\/\/fr.pinterest.com\/schiavonsas\/","https:\/\/www.youtube.com\/user\/caridealsas"]},{"@type":"Person","@id":"https:\/\/www.carideal.com\/blog\/#\/schema\/person\/985c7e757d1042d647f21bfaf8d41ebc","name":"N.S Carideal","image":{"@type":"ImageObject","inLanguage":"fr-FR","@id":"https:\/\/www.carideal.com\/blog\/#\/schema\/person\/image\/","url":"https:\/\/secure.gravatar.com\/avatar\/edb7ccdf1a4e3d14aef967760d354d0e?s=96&r=g","contentUrl":"https:\/\/secure.gravatar.com\/avatar\/edb7ccdf1a4e3d14aef967760d354d0e?s=96&r=g","caption":"N.S Carideal"},"description":"Depuis tout petit fan d'automobile. Il est question d'essayer et de comparer toutes ces voitures qui nous ont fait r\u00e9ver, avant que celles-ci ne devient uniquement des voitures de collection.","sameAs":["http:\/\/www.carideal.com\/blog","https:\/\/www.facebook.com\/Carideal.mandataire.automobile\/","https:\/\/www.linkedin.com\/in\/nschiavon\/","https:\/\/www.youtube.com\/user\/caridealsas\/"],"url":"https:\/\/www.carideal.com\/blog\/author\/admin_carideal\/"}]}},"uagb_featured_image_src":{"full":["https:\/\/www.carideal.com\/blog\/wp-content\/uploads\/2011\/12\/citroen-ds1-avant-e1551003451314.jpg",600,400,false],"thumbnail":["https:\/\/www.carideal.com\/blog\/wp-content\/uploads\/2011\/12\/citroen-ds1-avant-150x150.jpg",150,150,true],"medium":["https:\/\/www.carideal.com\/blog\/wp-content\/uploads\/2011\/12\/citroen-ds1-avant-300x200.jpg",300,200,true],"medium_large":["https:\/\/www.carideal.com\/blog\/wp-content\/uploads\/2011\/12\/citroen-ds1-avant-768x512.jpg",768,512,true],"large":["https:\/\/www.carideal.com\/blog\/wp-content\/uploads\/2011\/12\/citroen-ds1-avant-e1551003451314.jpg",600,400,false],"1536x1536":["https:\/\/www.carideal.com\/blog\/wp-content\/uploads\/2011\/12\/citroen-ds1-avant-e1551003451314.jpg",600,400,false],"2048x2048":["https:\/\/www.carideal.com\/blog\/wp-content\/uploads\/2011\/12\/citroen-ds1-avant-e1551003451314.jpg",600,400,false],"wppr-widget":["https:\/\/www.carideal.com\/blog\/wp-content\/uploads\/2011\/12\/citroen-ds1-avant-50x33.jpg",50,33,true]},"uagb_author_info":{"display_name":"N.S Carideal","author_link":"https:\/\/www.carideal.com\/blog\/author\/admin_carideal\/"},"uagb_comment_info":0,"uagb_excerpt":"Citroen DS1 pour bient\u00f4t ? Les news On ne sait pas encore si elle portera le patronyme de Citroen DS1 ou DS2, ni m\u00eame les d\u00e9tails de son apparence, afin de concurrencer les Fiat 500, ou m\u00eame Smart. Elle devra \u00eatre plus abordable qu'une DS3, serait bas\u00e9 sur la plateforme de la Citroen C1 et\u2026","_links":{"self":[{"href":"https:\/\/www.carideal.com\/blog\/wp-json\/wp\/v2\/posts\/1015"}],"collection":[{"href":"https:\/\/www.carideal.com\/blog\/wp-json\/wp\/v2\/posts"}],"about":[{"href":"https:\/\/www.carideal.com\/blog\/wp-json\/wp\/v2\/types\/post"}],"author":[{"embeddable":true,"href":"https:\/\/www.carideal.com\/blog\/wp-json\/wp\/v2\/users\/1"}],"replies":[{"embeddable":true,"href":"https:\/\/www.carideal.com\/blog\/wp-json\/wp\/v2\/comments?post=1015"}],"version-history":[{"count":0,"href":"https:\/\/www.carideal.com\/blog\/wp-json\/wp\/v2\/posts\/1015\/revisions"}],"wp:featuredmedia":[{"embeddable":true,"href":"https:\/\/www.carideal.com\/blog\/wp-json\/wp\/v2\/media\/19204"}],"wp:attachment":[{"href":"https:\/\/www.carideal.com\/blog\/wp-json\/wp\/v2\/media?parent=1015"}],"wp:term":[{"taxonomy":"category","embeddable":true,"href":"https:\/\/www.carideal.com\/blog\/wp-json\/wp\/v2\/categories?post=1015"},{"taxonomy":"post_tag","embeddable":true,"href":"https:\/\/www.carideal.com\/blog\/wp-json\/wp\/v2\/tags?post=1015"}],"curies":[{"name":"wp","href":"https:\/\/api.w.org\/{rel}","templated":true}]}}