{"id":101,"date":"2013-01-31T10:39:00","date_gmt":"2013-01-31T10:39:00","guid":{"rendered":"http:\/\/carideal.com\/blog\/?p=101"},"modified":"2013-01-31T10:39:00","modified_gmt":"2013-01-31T10:39:00","slug":"13-ans-au-dessus-des-2-millions","status":"publish","type":"post","link":"https:\/\/www.carideal.com\/blog\/2013\/01\/31\/13-ans-au-dessus-des-2-millions\/","title":{"rendered":"13 ans au-dessus des 2 millions"},"content":{"rendered":"<p><img decoding=\"async\" src=\"\/blog\/public\/.marche-automobile_m.jpg\" alt=\"marche-automobile.jpg\" title=\"marche-automobile.jpg, janv. 2013\" \/><br \/>\n<strong>Le niveau le plus bas depuis 1997<\/strong><\/p>\n<p>Les comptes ne sont pas clos. Le <a href=\"\/blog\/index.php?tag\/march%C3%A9%20automobile%20fran%C3%A7ais\">march\u00e9 automobile fran\u00e7ais<\/a> pourrait m\u00eame remonter un peu en d\u00e9cembre \u00e0 la faveur d'<a href=\"\/blog\/index.php?tag\/immatriculations\">immatriculations<\/a> anticip\u00e9es de mod\u00e8les de forte cylindr\u00e9e, faites par les constructeurs afin de leur \u00e9viter les foudres du malus en 2013. Mais m\u00eame avec ce coup de pouce de derni\u00e8re minute, le total des v\u00e9hicules vendus dans l'ann\u00e9e devrait \u00e0 peine d\u00e9passer le 1,1910 million d'exemplaires. Soit l'\u00e9tiage le plus bas depuis 1997, ann\u00e9e de sortie des primes \u00e0 la casse instaur\u00e9es de 1994 \u00e0 1996 sous nom de Balladurettes et Jupettes. A quinze ans d'intervalle, les m\u00eame causes ont donc produit les m\u00eames effets&nbsp;: un march\u00e9 soutenu par des incitations gouvernementales \u00e0 l'achat s'effondre d\u00e8s que les primes cessent...<br \/>\nPour m\u00e9moire, le march\u00e9 automobile fran\u00e7ais a franchi pour la premi\u00e8re fois le cap de 2 millions en 1982 ( 2,056 million ). Et son record remonte \u00e0 1990&nbsp;: 2,309 millions de v\u00e9hicules vendus. Long\u00e9vit\u00e9 des voitures modernes, fort taux d\u00e9mographique et population vieillissante&nbsp;: tout laisse \u00e0 penser qu'il ne sera jamais battu.<\/p>\n<p>\n\/<a href=\"\/blog\/index.php?post\/2013\/01\/12\/Le-March%C3%A9-Automobile-en-France-2012-la-cata-%21\">Le March\u00e9 Automobile en France 2012 la cata !<\/a><\/p>\n","protected":false},"excerpt":{"rendered":"<p>Le niveau le plus bas depuis 1997 Les comptes ne sont pas clos. Le march\u00e9 automobile fran\u00e7ais pourrait m\u00eame remonter un peu en d\u00e9cembre \u00e0 la faveur d&rsquo;immatriculations anticip\u00e9es de mod\u00e8les de forte cylindr\u00e9e, faites par les constructeurs afin de leur \u00e9viter les foudres du malus en 2013. Mais m\u00eame avec ce coup de pouce &#8230; <a title=\"13 ans au-dessus des 2 millions\" class=\"read-more\" href=\"https:\/\/www.carideal.com\/blog\/2013\/01\/31\/13-ans-au-dessus-des-2-millions\/\" aria-label=\"En savoir plus sur 13 ans au-dessus des 2 millions\">Lire plus<\/a><\/p>\n","protected":false},"author":1,"featured_media":0,"comment_status":"open","ping_status":"open","sticky":false,"template":"","format":"standard","meta":{"_uag_custom_page_level_css":"","_themeisle_gutenberg_block_has_review":false,"footnotes":""},"categories":[3],"tags":[],"class_list":["post-101","post","type-post","status-publish","format-standard","hentry","category-actualites-financieres"],"wppr_data":[],"yoast_head":"<!-- This site is optimized with the Yoast SEO plugin v24.8.1 - https:\/\/yoast.com\/wordpress\/plugins\/seo\/ -->\n<title>13 ans au-dessus des 2 millions - Blog auto Carid\u00e9al<\/title>\n<meta name=\"robots\" content=\"index, follow, max-snippet:-1, max-image-preview:large, max-video-preview:-1\" \/>\n<link rel=\"canonical\" href=\"https:\/\/www.carideal.com\/blog\/2013\/01\/31\/13-ans-au-dessus-des-2-millions\/\" \/>\n<meta property=\"og:locale\" content=\"fr_FR\" \/>\n<meta property=\"og:type\" content=\"article\" \/>\n<meta property=\"og:title\" content=\"13 ans au-dessus des 2 millions - Blog auto Carid\u00e9al\" \/>\n<meta property=\"og:description\" content=\"Le niveau le plus bas depuis 1997 Les comptes ne sont pas clos. Le march\u00e9 automobile fran\u00e7ais pourrait m\u00eame remonter un peu en d\u00e9cembre \u00e0 la faveur d&#039;immatriculations anticip\u00e9es de mod\u00e8les de forte cylindr\u00e9e, faites par les constructeurs afin de leur \u00e9viter les foudres du malus en 2013. Mais m\u00eame avec ce coup de pouce ... Lire plus\" \/>\n<meta property=\"og:url\" content=\"https:\/\/www.carideal.com\/blog\/2013\/01\/31\/13-ans-au-dessus-des-2-millions\/\" \/>\n<meta property=\"og:site_name\" content=\"Blog auto Carid\u00e9al\" \/>\n<meta property=\"article:publisher\" content=\"https:\/\/www.facebook.com\/Carideal.mandataire.automobile\" \/>\n<meta property=\"article:author\" content=\"https:\/\/www.facebook.com\/Carideal.mandataire.automobile\/\" \/>\n<meta property=\"article:published_time\" content=\"2013-01-31T10:39:00+00:00\" \/>\n<meta property=\"og:image\" content=\"https:\/\/www.carideal.com\/blog\/wp-content\/uploads\/2016\/03\/logo-carideal-mandataire-automobile.png\" \/>\n\t<meta property=\"og:image:width\" content=\"300\" \/>\n\t<meta property=\"og:image:height\" content=\"300\" \/>\n\t<meta property=\"og:image:type\" content=\"image\/png\" \/>\n<meta name=\"author\" content=\"N.S Carideal\" \/>\n<meta name=\"twitter:card\" content=\"summary_large_image\" \/>\n<meta name=\"twitter:creator\" content=\"@caridealauto\" \/>\n<meta name=\"twitter:site\" content=\"@caridealauto\" \/>\n<meta name=\"twitter:label1\" content=\"\u00c9crit par\" \/>\n\t<meta name=\"twitter:data1\" content=\"N.S Carideal\" \/>\n\t<meta name=\"twitter:label2\" content=\"Dur\u00e9e de lecture estim\u00e9e\" \/>\n\t<meta name=\"twitter:data2\" content=\"1 minute\" \/>\n<script type=\"application\/ld+json\" class=\"yoast-schema-graph\">{\"@context\":\"https:\/\/schema.org\",\"@graph\":[{\"@type\":\"Article\",\"@id\":\"https:\/\/www.carideal.com\/blog\/2013\/01\/31\/13-ans-au-dessus-des-2-millions\/#article\",\"isPartOf\":{\"@id\":\"https:\/\/www.carideal.com\/blog\/2013\/01\/31\/13-ans-au-dessus-des-2-millions\/\"},\"author\":{\"name\":\"N.S Carideal\",\"@id\":\"https:\/\/www.carideal.com\/blog\/#\/schema\/person\/985c7e757d1042d647f21bfaf8d41ebc\"},\"headline\":\"13 ans au-dessus des 2 millions\",\"datePublished\":\"2013-01-31T10:39:00+00:00\",\"mainEntityOfPage\":{\"@id\":\"https:\/\/www.carideal.com\/blog\/2013\/01\/31\/13-ans-au-dessus-des-2-millions\/\"},\"wordCount\":197,\"commentCount\":0,\"publisher\":{\"@id\":\"https:\/\/www.carideal.com\/blog\/#organization\"},\"articleSection\":[\"Actualit\u00e9 Financi\u00e8re\"],\"inLanguage\":\"fr-FR\",\"potentialAction\":[{\"@type\":\"CommentAction\",\"name\":\"Comment\",\"target\":[\"https:\/\/www.carideal.com\/blog\/2013\/01\/31\/13-ans-au-dessus-des-2-millions\/#respond\"]}]},{\"@type\":\"WebPage\",\"@id\":\"https:\/\/www.carideal.com\/blog\/2013\/01\/31\/13-ans-au-dessus-des-2-millions\/\",\"url\":\"https:\/\/www.carideal.com\/blog\/2013\/01\/31\/13-ans-au-dessus-des-2-millions\/\",\"name\":\"13 ans au-dessus des 2 millions - Blog auto Carid\u00e9al\",\"isPartOf\":{\"@id\":\"https:\/\/www.carideal.com\/blog\/#website\"},\"datePublished\":\"2013-01-31T10:39:00+00:00\",\"breadcrumb\":{\"@id\":\"https:\/\/www.carideal.com\/blog\/2013\/01\/31\/13-ans-au-dessus-des-2-millions\/#breadcrumb\"},\"inLanguage\":\"fr-FR\",\"potentialAction\":[{\"@type\":\"ReadAction\",\"target\":[\"https:\/\/www.carideal.com\/blog\/2013\/01\/31\/13-ans-au-dessus-des-2-millions\/\"]}]},{\"@type\":\"BreadcrumbList\",\"@id\":\"https:\/\/www.carideal.com\/blog\/2013\/01\/31\/13-ans-au-dessus-des-2-millions\/#breadcrumb\",\"itemListElement\":[{\"@type\":\"ListItem\",\"position\":1,\"name\":\"Blog Carid\u00e9al\",\"item\":\"https:\/\/www.carideal.com\/blog\/\"},{\"@type\":\"ListItem\",\"position\":2,\"name\":\"Actualit\u00e9 Financi\u00e8re\",\"item\":\"https:\/\/www.carideal.com\/blog\/actualites-financieres\/\"},{\"@type\":\"ListItem\",\"position\":3,\"name\":\"13 ans au-dessus des 2 millions\"}]},{\"@type\":\"WebSite\",\"@id\":\"https:\/\/www.carideal.com\/blog\/#website\",\"url\":\"https:\/\/www.carideal.com\/blog\/\",\"name\":\"Blog auto Carid\u00e9al\",\"description\":\"Actualit\u00e9 auto par des passionn\u00e9s\",\"publisher\":{\"@id\":\"https:\/\/www.carideal.com\/blog\/#organization\"},\"potentialAction\":[{\"@type\":\"SearchAction\",\"target\":{\"@type\":\"EntryPoint\",\"urlTemplate\":\"https:\/\/www.carideal.com\/blog\/?s={search_term_string}\"},\"query-input\":{\"@type\":\"PropertyValueSpecification\",\"valueRequired\":true,\"valueName\":\"search_term_string\"}}],\"inLanguage\":\"fr-FR\"},{\"@type\":\"Organization\",\"@id\":\"https:\/\/www.carideal.com\/blog\/#organization\",\"name\":\"Carideal\",\"url\":\"https:\/\/www.carideal.com\/blog\/\",\"logo\":{\"@type\":\"ImageObject\",\"inLanguage\":\"fr-FR\",\"@id\":\"https:\/\/www.carideal.com\/blog\/#\/schema\/logo\/image\/\",\"url\":\"http:\/\/www.carideal.com\/blog\/wp-content\/uploads\/2016\/03\/logo-carideal-mandataire-automobile.png\",\"contentUrl\":\"http:\/\/www.carideal.com\/blog\/wp-content\/uploads\/2016\/03\/logo-carideal-mandataire-automobile.png\",\"width\":300,\"height\":300,\"caption\":\"Carideal\"},\"image\":{\"@id\":\"https:\/\/www.carideal.com\/blog\/#\/schema\/logo\/image\/\"},\"sameAs\":[\"https:\/\/www.facebook.com\/Carideal.mandataire.automobile\",\"https:\/\/x.com\/caridealauto\",\"https:\/\/www.instagram.com\/carideal1\/\",\"https:\/\/www.linkedin.com\/company\/carideal.com\",\"https:\/\/fr.pinterest.com\/schiavonsas\/\",\"https:\/\/www.youtube.com\/user\/caridealsas\"]},{\"@type\":\"Person\",\"@id\":\"https:\/\/www.carideal.com\/blog\/#\/schema\/person\/985c7e757d1042d647f21bfaf8d41ebc\",\"name\":\"N.S Carideal\",\"image\":{\"@type\":\"ImageObject\",\"inLanguage\":\"fr-FR\",\"@id\":\"https:\/\/www.carideal.com\/blog\/#\/schema\/person\/image\/\",\"url\":\"https:\/\/secure.gravatar.com\/avatar\/edb7ccdf1a4e3d14aef967760d354d0e?s=96&r=g\",\"contentUrl\":\"https:\/\/secure.gravatar.com\/avatar\/edb7ccdf1a4e3d14aef967760d354d0e?s=96&r=g\",\"caption\":\"N.S Carideal\"},\"description\":\"Depuis tout petit fan d'automobile. Il est question d'essayer et de comparer toutes ces voitures qui nous ont fait r\u00e9ver, avant que celles-ci ne devient uniquement des voitures de collection.\",\"sameAs\":[\"http:\/\/www.carideal.com\/blog\",\"https:\/\/www.facebook.com\/Carideal.mandataire.automobile\/\",\"https:\/\/www.linkedin.com\/in\/nschiavon\/\",\"https:\/\/www.youtube.com\/user\/caridealsas\/\"],\"url\":\"https:\/\/www.carideal.com\/blog\/author\/admin_carideal\/\"}]}<\/script>\n<!-- \/ Yoast SEO plugin. -->","yoast_head_json":{"title":"13 ans au-dessus des 2 millions - Blog auto Carid\u00e9al","robots":{"index":"index","follow":"follow","max-snippet":"max-snippet:-1","max-image-preview":"max-image-preview:large","max-video-preview":"max-video-preview:-1"},"canonical":"https:\/\/www.carideal.com\/blog\/2013\/01\/31\/13-ans-au-dessus-des-2-millions\/","og_locale":"fr_FR","og_type":"article","og_title":"13 ans au-dessus des 2 millions - Blog auto Carid\u00e9al","og_description":"Le niveau le plus bas depuis 1997 Les comptes ne sont pas clos. Le march\u00e9 automobile fran\u00e7ais pourrait m\u00eame remonter un peu en d\u00e9cembre \u00e0 la faveur d'immatriculations anticip\u00e9es de mod\u00e8les de forte cylindr\u00e9e, faites par les constructeurs afin de leur \u00e9viter les foudres du malus en 2013. Mais m\u00eame avec ce coup de pouce ... Lire plus","og_url":"https:\/\/www.carideal.com\/blog\/2013\/01\/31\/13-ans-au-dessus-des-2-millions\/","og_site_name":"Blog auto Carid\u00e9al","article_publisher":"https:\/\/www.facebook.com\/Carideal.mandataire.automobile","article_author":"https:\/\/www.facebook.com\/Carideal.mandataire.automobile\/","article_published_time":"2013-01-31T10:39:00+00:00","og_image":[{"width":300,"height":300,"url":"https:\/\/www.carideal.com\/blog\/wp-content\/uploads\/2016\/03\/logo-carideal-mandataire-automobile.png","type":"image\/png"}],"author":"N.S Carideal","twitter_card":"summary_large_image","twitter_creator":"@caridealauto","twitter_site":"@caridealauto","twitter_misc":{"\u00c9crit par":"N.S Carideal","Dur\u00e9e de lecture estim\u00e9e":"1 minute"},"schema":{"@context":"https:\/\/schema.org","@graph":[{"@type":"Article","@id":"https:\/\/www.carideal.com\/blog\/2013\/01\/31\/13-ans-au-dessus-des-2-millions\/#article","isPartOf":{"@id":"https:\/\/www.carideal.com\/blog\/2013\/01\/31\/13-ans-au-dessus-des-2-millions\/"},"author":{"name":"N.S Carideal","@id":"https:\/\/www.carideal.com\/blog\/#\/schema\/person\/985c7e757d1042d647f21bfaf8d41ebc"},"headline":"13 ans au-dessus des 2 millions","datePublished":"2013-01-31T10:39:00+00:00","mainEntityOfPage":{"@id":"https:\/\/www.carideal.com\/blog\/2013\/01\/31\/13-ans-au-dessus-des-2-millions\/"},"wordCount":197,"commentCount":0,"publisher":{"@id":"https:\/\/www.carideal.com\/blog\/#organization"},"articleSection":["Actualit\u00e9 Financi\u00e8re"],"inLanguage":"fr-FR","potentialAction":[{"@type":"CommentAction","name":"Comment","target":["https:\/\/www.carideal.com\/blog\/2013\/01\/31\/13-ans-au-dessus-des-2-millions\/#respond"]}]},{"@type":"WebPage","@id":"https:\/\/www.carideal.com\/blog\/2013\/01\/31\/13-ans-au-dessus-des-2-millions\/","url":"https:\/\/www.carideal.com\/blog\/2013\/01\/31\/13-ans-au-dessus-des-2-millions\/","name":"13 ans au-dessus des 2 millions - Blog auto Carid\u00e9al","isPartOf":{"@id":"https:\/\/www.carideal.com\/blog\/#website"},"datePublished":"2013-01-31T10:39:00+00:00","breadcrumb":{"@id":"https:\/\/www.carideal.com\/blog\/2013\/01\/31\/13-ans-au-dessus-des-2-millions\/#breadcrumb"},"inLanguage":"fr-FR","potentialAction":[{"@type":"ReadAction","target":["https:\/\/www.carideal.com\/blog\/2013\/01\/31\/13-ans-au-dessus-des-2-millions\/"]}]},{"@type":"BreadcrumbList","@id":"https:\/\/www.carideal.com\/blog\/2013\/01\/31\/13-ans-au-dessus-des-2-millions\/#breadcrumb","itemListElement":[{"@type":"ListItem","position":1,"name":"Blog Carid\u00e9al","item":"https:\/\/www.carideal.com\/blog\/"},{"@type":"ListItem","position":2,"name":"Actualit\u00e9 Financi\u00e8re","item":"https:\/\/www.carideal.com\/blog\/actualites-financieres\/"},{"@type":"ListItem","position":3,"name":"13 ans au-dessus des 2 millions"}]},{"@type":"WebSite","@id":"https:\/\/www.carideal.com\/blog\/#website","url":"https:\/\/www.carideal.com\/blog\/","name":"Blog auto Carid\u00e9al","description":"Actualit\u00e9 auto par des passionn\u00e9s","publisher":{"@id":"https:\/\/www.carideal.com\/blog\/#organization"},"potentialAction":[{"@type":"SearchAction","target":{"@type":"EntryPoint","urlTemplate":"https:\/\/www.carideal.com\/blog\/?s={search_term_string}"},"query-input":{"@type":"PropertyValueSpecification","valueRequired":true,"valueName":"search_term_string"}}],"inLanguage":"fr-FR"},{"@type":"Organization","@id":"https:\/\/www.carideal.com\/blog\/#organization","name":"Carideal","url":"https:\/\/www.carideal.com\/blog\/","logo":{"@type":"ImageObject","inLanguage":"fr-FR","@id":"https:\/\/www.carideal.com\/blog\/#\/schema\/logo\/image\/","url":"http:\/\/www.carideal.com\/blog\/wp-content\/uploads\/2016\/03\/logo-carideal-mandataire-automobile.png","contentUrl":"http:\/\/www.carideal.com\/blog\/wp-content\/uploads\/2016\/03\/logo-carideal-mandataire-automobile.png","width":300,"height":300,"caption":"Carideal"},"image":{"@id":"https:\/\/www.carideal.com\/blog\/#\/schema\/logo\/image\/"},"sameAs":["https:\/\/www.facebook.com\/Carideal.mandataire.automobile","https:\/\/x.com\/caridealauto","https:\/\/www.instagram.com\/carideal1\/","https:\/\/www.linkedin.com\/company\/carideal.com","https:\/\/fr.pinterest.com\/schiavonsas\/","https:\/\/www.youtube.com\/user\/caridealsas"]},{"@type":"Person","@id":"https:\/\/www.carideal.com\/blog\/#\/schema\/person\/985c7e757d1042d647f21bfaf8d41ebc","name":"N.S Carideal","image":{"@type":"ImageObject","inLanguage":"fr-FR","@id":"https:\/\/www.carideal.com\/blog\/#\/schema\/person\/image\/","url":"https:\/\/secure.gravatar.com\/avatar\/edb7ccdf1a4e3d14aef967760d354d0e?s=96&r=g","contentUrl":"https:\/\/secure.gravatar.com\/avatar\/edb7ccdf1a4e3d14aef967760d354d0e?s=96&r=g","caption":"N.S Carideal"},"description":"Depuis tout petit fan d'automobile. Il est question d'essayer et de comparer toutes ces voitures qui nous ont fait r\u00e9ver, avant que celles-ci ne devient uniquement des voitures de collection.","sameAs":["http:\/\/www.carideal.com\/blog","https:\/\/www.facebook.com\/Carideal.mandataire.automobile\/","https:\/\/www.linkedin.com\/in\/nschiavon\/","https:\/\/www.youtube.com\/user\/caridealsas\/"],"url":"https:\/\/www.carideal.com\/blog\/author\/admin_carideal\/"}]}},"uagb_featured_image_src":{"full":false,"thumbnail":false,"medium":false,"medium_large":false,"large":false,"1536x1536":false,"2048x2048":false,"wppr-widget":false},"uagb_author_info":{"display_name":"N.S Carideal","author_link":"https:\/\/www.carideal.com\/blog\/author\/admin_carideal\/"},"uagb_comment_info":0,"uagb_excerpt":"Le niveau le plus bas depuis 1997 Les comptes ne sont pas clos. Le march\u00e9 automobile fran\u00e7ais pourrait m\u00eame remonter un peu en d\u00e9cembre \u00e0 la faveur d'immatriculations anticip\u00e9es de mod\u00e8les de forte cylindr\u00e9e, faites par les constructeurs afin de leur \u00e9viter les foudres du malus en 2013. Mais m\u00eame avec ce coup de pouce\u2026","_links":{"self":[{"href":"https:\/\/www.carideal.com\/blog\/wp-json\/wp\/v2\/posts\/101"}],"collection":[{"href":"https:\/\/www.carideal.com\/blog\/wp-json\/wp\/v2\/posts"}],"about":[{"href":"https:\/\/www.carideal.com\/blog\/wp-json\/wp\/v2\/types\/post"}],"author":[{"embeddable":true,"href":"https:\/\/www.carideal.com\/blog\/wp-json\/wp\/v2\/users\/1"}],"replies":[{"embeddable":true,"href":"https:\/\/www.carideal.com\/blog\/wp-json\/wp\/v2\/comments?post=101"}],"version-history":[{"count":0,"href":"https:\/\/www.carideal.com\/blog\/wp-json\/wp\/v2\/posts\/101\/revisions"}],"wp:attachment":[{"href":"https:\/\/www.carideal.com\/blog\/wp-json\/wp\/v2\/media?parent=101"}],"wp:term":[{"taxonomy":"category","embeddable":true,"href":"https:\/\/www.carideal.com\/blog\/wp-json\/wp\/v2\/categories?post=101"},{"taxonomy":"post_tag","embeddable":true,"href":"https:\/\/www.carideal.com\/blog\/wp-json\/wp\/v2\/tags?post=101"}],"curies":[{"name":"wp","href":"https:\/\/api.w.org\/{rel}","templated":true}]}}