{"id":1009,"date":"2011-12-05T12:32:00","date_gmt":"2011-12-05T12:32:00","guid":{"rendered":"http:\/\/carideal.com\/blog\/?p=1009"},"modified":"2017-01-30T19:25:36","modified_gmt":"2017-01-30T18:25:36","slug":"la-citroen-ds5-recompensee-par-top-gear-chanel-5-et-auto-bild","status":"publish","type":"post","link":"https:\/\/www.carideal.com\/blog\/2011\/12\/05\/la-citroen-ds5-recompensee-par-top-gear-chanel-5-et-auto-bild\/","title":{"rendered":"Citroen DS5 recompensee par Top Gear"},"content":{"rendered":"<p>&nbsp;<\/p>\n<h1><strong>La Citroen DS5 recompens\u00e9e par Top Gear Chanel 5 et Auto Bild<\/strong><\/h1>\n<p>(Photo) Le corner de vente de la gamme DS<\/p>\n<p><strong>TOP GEAR c\u00e9l\u00e8bre \u00e9mission automobile vient de d\u00e9cerner \u00e0 la DS5 le titre de Family car of the year.<\/strong><br \/>\nLa <a href=\"http:\/\/www.carideal.com\/blog\/marque-de-voiture-actualites-essais\/citroen\/\">Citroen<\/a> DS3 vient d'\u00eatre r\u00e9compens\u00e9 deux fois en Allemagne, les lecteurs d'AUTO ZEITUNG viennent de lui d\u00e9cerner le prix \"auto trophy 2011\" dans la cat\u00e9gorie importateur. Les lecteurs d'Auto Bild viennent d'\u00e9lire la <a href=\"http:\/\/www.carideal.com\/blog\/marque-de-voiture-actualites-essais\/ds\/\">DS<\/a> DS3 racing \"Best Sportscar\".<br \/>\nQue de distinctions pour cette petite voiture (DS3) au fort pouvoir d'attraction au pays de l'automobile, l'Allemagne.<\/p>\n<p>Les journalistes italiens viennent d'\u00e9lire la Citroen DS4 \"Voiture Europ\u00e9enne de l'Ann\u00e9e 2012\". tr\u00e8s bonne ann\u00e9e 2011, qui a commenc\u00e9e avec les prix de \u2018Plus Belle Voiture de l\u2019Ann\u00e9e\u2019 et de \u2018Plus Bel Int\u00e9rieur\u2019 \u00e0 Paris.<br \/>\nAuto Swat magazine polonais vient de d\u00e9cerner aussi \u00e0 la DS4 son Volant d'Or.<\/p>\n<p>La version <a href=\"http:\/\/www.carideal.com\/blog\/tag\/hybrid4\/\">hybrid4<\/a> de la <a href=\"http:\/\/www.carideal.com\/blog\/marque-de-voiture-actualites-essais\/ds\/ds5\/\">DS5<\/a> vient aussi d'\u00eatre r\u00e9compens\u00e9 par les magazines allemand Auto Bild et Bild am sonntag dans la cat\u00e9gorie environementale, Volant Vert ou \"Goldenes Lenkrad\" en allemand.<br \/>\nCitroen est d\u00e9cid\u00e9ment tr\u00e8s fort en ce moment et tr\u00e8s inspir\u00e9 aussi, puisque m\u00eame son site internet consacr\u00e9 \u00e0 la DS5 www.ds5.citroen.com vient d'\u00eatre r\u00e9compens\u00e9 du prestigieux titre FWA (Favourite Website Awards) dans la cat\u00e9gorie Web Design International, qui salue ainsi la pr\u00e9sence de Citroen sur le web.<\/p>\n<p>&nbsp;<\/p>\n","protected":false},"excerpt":{"rendered":"<p>&nbsp; La Citroen DS5 recompens\u00e9e par Top Gear Chanel 5 et Auto Bild (Photo) Le corner de vente de la gamme DS TOP GEAR c\u00e9l\u00e8bre \u00e9mission automobile vient de d\u00e9cerner \u00e0 la DS5 le titre de Family car of the year. La Citroen DS3 vient d&rsquo;\u00eatre r\u00e9compens\u00e9 deux fois en Allemagne, les lecteurs d&rsquo;AUTO ZEITUNG &#8230; <a title=\"Citroen DS5 recompensee par Top Gear\" class=\"read-more\" href=\"https:\/\/www.carideal.com\/blog\/2011\/12\/05\/la-citroen-ds5-recompensee-par-top-gear-chanel-5-et-auto-bild\/\" aria-label=\"En savoir plus sur Citroen DS5 recompensee par Top Gear\">Lire plus<\/a><\/p>\n","protected":false},"author":1,"featured_media":15109,"comment_status":"open","ping_status":"open","sticky":false,"template":"","format":"standard","meta":{"_uag_custom_page_level_css":"","_themeisle_gutenberg_block_has_review":false,"footnotes":""},"categories":[5,5944,6001,6225,6012,5947,5974],"tags":[2593],"class_list":["post-1009","post","type-post","status-publish","format-standard","has-post-thumbnail","hentry","category-citroen","category-constructeur","category-ds","category-actualite-ds5","category-berlines","category-essai","category-type-de-vehicule","tag-top-gear"],"wppr_data":{"cwp_meta_box_check":"No"},"yoast_head":"<!-- This site is optimized with the Yoast SEO plugin v24.8.1 - https:\/\/yoast.com\/wordpress\/plugins\/seo\/ -->\n<title>Citroen DS5 recompensee par Top Gear - Blog auto Carid\u00e9al<\/title>\n<meta name=\"robots\" content=\"index, follow, max-snippet:-1, max-image-preview:large, max-video-preview:-1\" \/>\n<link rel=\"canonical\" href=\"https:\/\/www.carideal.com\/blog\/2011\/12\/05\/la-citroen-ds5-recompensee-par-top-gear-chanel-5-et-auto-bild\/\" \/>\n<meta property=\"og:locale\" content=\"fr_FR\" \/>\n<meta property=\"og:type\" content=\"article\" \/>\n<meta property=\"og:title\" content=\"Citroen DS5 recompensee par Top Gear - Blog auto Carid\u00e9al\" \/>\n<meta property=\"og:description\" content=\"&nbsp; La Citroen DS5 recompens\u00e9e par Top Gear Chanel 5 et Auto Bild (Photo) Le corner de vente de la gamme DS TOP GEAR c\u00e9l\u00e8bre \u00e9mission automobile vient de d\u00e9cerner \u00e0 la DS5 le titre de Family car of the year. La Citroen DS3 vient d&#039;\u00eatre r\u00e9compens\u00e9 deux fois en Allemagne, les lecteurs d&#039;AUTO ZEITUNG ... Lire plus\" \/>\n<meta property=\"og:url\" content=\"https:\/\/www.carideal.com\/blog\/2011\/12\/05\/la-citroen-ds5-recompensee-par-top-gear-chanel-5-et-auto-bild\/\" \/>\n<meta property=\"og:site_name\" content=\"Blog auto Carid\u00e9al\" \/>\n<meta property=\"article:publisher\" content=\"https:\/\/www.facebook.com\/Carideal.mandataire.automobile\" \/>\n<meta property=\"article:author\" content=\"https:\/\/www.facebook.com\/Carideal.mandataire.automobile\/\" \/>\n<meta property=\"article:published_time\" content=\"2011-12-05T12:32:00+00:00\" \/>\n<meta property=\"article:modified_time\" content=\"2017-01-30T18:25:36+00:00\" \/>\n<meta property=\"og:image\" content=\"https:\/\/www.carideal.com\/blog\/wp-content\/uploads\/2011\/12\/achat-vente-citroen-ds-corner-carideal-mandataire-automobile_m.jpg\" \/>\n\t<meta property=\"og:image:width\" content=\"426\" \/>\n\t<meta property=\"og:image:height\" content=\"448\" \/>\n\t<meta property=\"og:image:type\" content=\"image\/jpeg\" \/>\n<meta name=\"author\" content=\"N.S Carideal\" \/>\n<meta name=\"twitter:card\" content=\"summary_large_image\" \/>\n<meta name=\"twitter:creator\" content=\"@caridealauto\" \/>\n<meta name=\"twitter:site\" content=\"@caridealauto\" \/>\n<meta name=\"twitter:label1\" content=\"\u00c9crit par\" \/>\n\t<meta name=\"twitter:data1\" content=\"N.S Carideal\" \/>\n\t<meta name=\"twitter:label2\" content=\"Dur\u00e9e de lecture estim\u00e9e\" \/>\n\t<meta name=\"twitter:data2\" content=\"1 minute\" \/>\n<script type=\"application\/ld+json\" class=\"yoast-schema-graph\">{\"@context\":\"https:\/\/schema.org\",\"@graph\":[{\"@type\":\"Article\",\"@id\":\"https:\/\/www.carideal.com\/blog\/2011\/12\/05\/la-citroen-ds5-recompensee-par-top-gear-chanel-5-et-auto-bild\/#article\",\"isPartOf\":{\"@id\":\"https:\/\/www.carideal.com\/blog\/2011\/12\/05\/la-citroen-ds5-recompensee-par-top-gear-chanel-5-et-auto-bild\/\"},\"author\":{\"name\":\"N.S Carideal\",\"@id\":\"https:\/\/www.carideal.com\/blog\/#\/schema\/person\/985c7e757d1042d647f21bfaf8d41ebc\"},\"headline\":\"Citroen DS5 recompensee par Top Gear\",\"datePublished\":\"2011-12-05T12:32:00+00:00\",\"dateModified\":\"2017-01-30T18:25:36+00:00\",\"mainEntityOfPage\":{\"@id\":\"https:\/\/www.carideal.com\/blog\/2011\/12\/05\/la-citroen-ds5-recompensee-par-top-gear-chanel-5-et-auto-bild\/\"},\"wordCount\":259,\"commentCount\":0,\"publisher\":{\"@id\":\"https:\/\/www.carideal.com\/blog\/#organization\"},\"image\":{\"@id\":\"https:\/\/www.carideal.com\/blog\/2011\/12\/05\/la-citroen-ds5-recompensee-par-top-gear-chanel-5-et-auto-bild\/#primaryimage\"},\"thumbnailUrl\":\"https:\/\/www.carideal.com\/blog\/wp-content\/uploads\/2011\/12\/achat-vente-citroen-ds-corner-carideal-mandataire-automobile_m.jpg\",\"keywords\":[\"Top Gear\"],\"articleSection\":[\"Actualit\u00e9 Citroen\",\"Actualit\u00e9 Constructeur automobile\",\"Actualit\u00e9 DS\",\"Actualit\u00e9 DS5\",\"Berlines\",\"Essais automobile\",\"Type de v\u00e9hicule\"],\"inLanguage\":\"fr-FR\",\"potentialAction\":[{\"@type\":\"CommentAction\",\"name\":\"Comment\",\"target\":[\"https:\/\/www.carideal.com\/blog\/2011\/12\/05\/la-citroen-ds5-recompensee-par-top-gear-chanel-5-et-auto-bild\/#respond\"]}]},{\"@type\":\"WebPage\",\"@id\":\"https:\/\/www.carideal.com\/blog\/2011\/12\/05\/la-citroen-ds5-recompensee-par-top-gear-chanel-5-et-auto-bild\/\",\"url\":\"https:\/\/www.carideal.com\/blog\/2011\/12\/05\/la-citroen-ds5-recompensee-par-top-gear-chanel-5-et-auto-bild\/\",\"name\":\"Citroen DS5 recompensee par Top Gear - Blog auto Carid\u00e9al\",\"isPartOf\":{\"@id\":\"https:\/\/www.carideal.com\/blog\/#website\"},\"primaryImageOfPage\":{\"@id\":\"https:\/\/www.carideal.com\/blog\/2011\/12\/05\/la-citroen-ds5-recompensee-par-top-gear-chanel-5-et-auto-bild\/#primaryimage\"},\"image\":{\"@id\":\"https:\/\/www.carideal.com\/blog\/2011\/12\/05\/la-citroen-ds5-recompensee-par-top-gear-chanel-5-et-auto-bild\/#primaryimage\"},\"thumbnailUrl\":\"https:\/\/www.carideal.com\/blog\/wp-content\/uploads\/2011\/12\/achat-vente-citroen-ds-corner-carideal-mandataire-automobile_m.jpg\",\"datePublished\":\"2011-12-05T12:32:00+00:00\",\"dateModified\":\"2017-01-30T18:25:36+00:00\",\"breadcrumb\":{\"@id\":\"https:\/\/www.carideal.com\/blog\/2011\/12\/05\/la-citroen-ds5-recompensee-par-top-gear-chanel-5-et-auto-bild\/#breadcrumb\"},\"inLanguage\":\"fr-FR\",\"potentialAction\":[{\"@type\":\"ReadAction\",\"target\":[\"https:\/\/www.carideal.com\/blog\/2011\/12\/05\/la-citroen-ds5-recompensee-par-top-gear-chanel-5-et-auto-bild\/\"]}]},{\"@type\":\"ImageObject\",\"inLanguage\":\"fr-FR\",\"@id\":\"https:\/\/www.carideal.com\/blog\/2011\/12\/05\/la-citroen-ds5-recompensee-par-top-gear-chanel-5-et-auto-bild\/#primaryimage\",\"url\":\"https:\/\/www.carideal.com\/blog\/wp-content\/uploads\/2011\/12\/achat-vente-citroen-ds-corner-carideal-mandataire-automobile_m.jpg\",\"contentUrl\":\"https:\/\/www.carideal.com\/blog\/wp-content\/uploads\/2011\/12\/achat-vente-citroen-ds-corner-carideal-mandataire-automobile_m.jpg\",\"width\":426,\"height\":448,\"caption\":\"DS5 r\u00e9compens\u00e9 par Top Gear\"},{\"@type\":\"BreadcrumbList\",\"@id\":\"https:\/\/www.carideal.com\/blog\/2011\/12\/05\/la-citroen-ds5-recompensee-par-top-gear-chanel-5-et-auto-bild\/#breadcrumb\",\"itemListElement\":[{\"@type\":\"ListItem\",\"position\":1,\"name\":\"Blog Carid\u00e9al\",\"item\":\"https:\/\/www.carideal.com\/blog\/\"},{\"@type\":\"ListItem\",\"position\":2,\"name\":\"Actualit\u00e9 constructeur automobile\",\"item\":\"https:\/\/www.carideal.com\/blog\/constructeur\/\"},{\"@type\":\"ListItem\",\"position\":3,\"name\":\"Actualit\u00e9 DS\",\"item\":\"https:\/\/www.carideal.com\/blog\/constructeur\/ds\/\"},{\"@type\":\"ListItem\",\"position\":4,\"name\":\"Actualit\u00e9 DS5\",\"item\":\"https:\/\/www.carideal.com\/blog\/constructeur\/ds\/actualite-ds5\/\"},{\"@type\":\"ListItem\",\"position\":5,\"name\":\"Citroen DS5 recompensee par Top Gear\"}]},{\"@type\":\"WebSite\",\"@id\":\"https:\/\/www.carideal.com\/blog\/#website\",\"url\":\"https:\/\/www.carideal.com\/blog\/\",\"name\":\"Blog auto Carid\u00e9al\",\"description\":\"Actualit\u00e9 auto par des passionn\u00e9s\",\"publisher\":{\"@id\":\"https:\/\/www.carideal.com\/blog\/#organization\"},\"potentialAction\":[{\"@type\":\"SearchAction\",\"target\":{\"@type\":\"EntryPoint\",\"urlTemplate\":\"https:\/\/www.carideal.com\/blog\/?s={search_term_string}\"},\"query-input\":{\"@type\":\"PropertyValueSpecification\",\"valueRequired\":true,\"valueName\":\"search_term_string\"}}],\"inLanguage\":\"fr-FR\"},{\"@type\":\"Organization\",\"@id\":\"https:\/\/www.carideal.com\/blog\/#organization\",\"name\":\"Carideal\",\"url\":\"https:\/\/www.carideal.com\/blog\/\",\"logo\":{\"@type\":\"ImageObject\",\"inLanguage\":\"fr-FR\",\"@id\":\"https:\/\/www.carideal.com\/blog\/#\/schema\/logo\/image\/\",\"url\":\"http:\/\/www.carideal.com\/blog\/wp-content\/uploads\/2016\/03\/logo-carideal-mandataire-automobile.png\",\"contentUrl\":\"http:\/\/www.carideal.com\/blog\/wp-content\/uploads\/2016\/03\/logo-carideal-mandataire-automobile.png\",\"width\":300,\"height\":300,\"caption\":\"Carideal\"},\"image\":{\"@id\":\"https:\/\/www.carideal.com\/blog\/#\/schema\/logo\/image\/\"},\"sameAs\":[\"https:\/\/www.facebook.com\/Carideal.mandataire.automobile\",\"https:\/\/x.com\/caridealauto\",\"https:\/\/www.instagram.com\/carideal1\/\",\"https:\/\/www.linkedin.com\/company\/carideal.com\",\"https:\/\/fr.pinterest.com\/schiavonsas\/\",\"https:\/\/www.youtube.com\/user\/caridealsas\"]},{\"@type\":\"Person\",\"@id\":\"https:\/\/www.carideal.com\/blog\/#\/schema\/person\/985c7e757d1042d647f21bfaf8d41ebc\",\"name\":\"N.S Carideal\",\"image\":{\"@type\":\"ImageObject\",\"inLanguage\":\"fr-FR\",\"@id\":\"https:\/\/www.carideal.com\/blog\/#\/schema\/person\/image\/\",\"url\":\"https:\/\/secure.gravatar.com\/avatar\/edb7ccdf1a4e3d14aef967760d354d0e?s=96&r=g\",\"contentUrl\":\"https:\/\/secure.gravatar.com\/avatar\/edb7ccdf1a4e3d14aef967760d354d0e?s=96&r=g\",\"caption\":\"N.S Carideal\"},\"description\":\"Depuis tout petit fan d'automobile. Il est question d'essayer et de comparer toutes ces voitures qui nous ont fait r\u00e9ver, avant que celles-ci ne devient uniquement des voitures de collection.\",\"sameAs\":[\"http:\/\/www.carideal.com\/blog\",\"https:\/\/www.facebook.com\/Carideal.mandataire.automobile\/\",\"https:\/\/www.linkedin.com\/in\/nschiavon\/\",\"https:\/\/www.youtube.com\/user\/caridealsas\/\"],\"url\":\"https:\/\/www.carideal.com\/blog\/author\/admin_carideal\/\"}]}<\/script>\n<!-- \/ Yoast SEO plugin. -->","yoast_head_json":{"title":"Citroen DS5 recompensee par Top Gear - Blog auto Carid\u00e9al","robots":{"index":"index","follow":"follow","max-snippet":"max-snippet:-1","max-image-preview":"max-image-preview:large","max-video-preview":"max-video-preview:-1"},"canonical":"https:\/\/www.carideal.com\/blog\/2011\/12\/05\/la-citroen-ds5-recompensee-par-top-gear-chanel-5-et-auto-bild\/","og_locale":"fr_FR","og_type":"article","og_title":"Citroen DS5 recompensee par Top Gear - Blog auto Carid\u00e9al","og_description":"&nbsp; La Citroen DS5 recompens\u00e9e par Top Gear Chanel 5 et Auto Bild (Photo) Le corner de vente de la gamme DS TOP GEAR c\u00e9l\u00e8bre \u00e9mission automobile vient de d\u00e9cerner \u00e0 la DS5 le titre de Family car of the year. La Citroen DS3 vient d'\u00eatre r\u00e9compens\u00e9 deux fois en Allemagne, les lecteurs d'AUTO ZEITUNG ... Lire plus","og_url":"https:\/\/www.carideal.com\/blog\/2011\/12\/05\/la-citroen-ds5-recompensee-par-top-gear-chanel-5-et-auto-bild\/","og_site_name":"Blog auto Carid\u00e9al","article_publisher":"https:\/\/www.facebook.com\/Carideal.mandataire.automobile","article_author":"https:\/\/www.facebook.com\/Carideal.mandataire.automobile\/","article_published_time":"2011-12-05T12:32:00+00:00","article_modified_time":"2017-01-30T18:25:36+00:00","og_image":[{"width":426,"height":448,"url":"https:\/\/www.carideal.com\/blog\/wp-content\/uploads\/2011\/12\/achat-vente-citroen-ds-corner-carideal-mandataire-automobile_m.jpg","type":"image\/jpeg"}],"author":"N.S Carideal","twitter_card":"summary_large_image","twitter_creator":"@caridealauto","twitter_site":"@caridealauto","twitter_misc":{"\u00c9crit par":"N.S Carideal","Dur\u00e9e de lecture estim\u00e9e":"1 minute"},"schema":{"@context":"https:\/\/schema.org","@graph":[{"@type":"Article","@id":"https:\/\/www.carideal.com\/blog\/2011\/12\/05\/la-citroen-ds5-recompensee-par-top-gear-chanel-5-et-auto-bild\/#article","isPartOf":{"@id":"https:\/\/www.carideal.com\/blog\/2011\/12\/05\/la-citroen-ds5-recompensee-par-top-gear-chanel-5-et-auto-bild\/"},"author":{"name":"N.S Carideal","@id":"https:\/\/www.carideal.com\/blog\/#\/schema\/person\/985c7e757d1042d647f21bfaf8d41ebc"},"headline":"Citroen DS5 recompensee par Top Gear","datePublished":"2011-12-05T12:32:00+00:00","dateModified":"2017-01-30T18:25:36+00:00","mainEntityOfPage":{"@id":"https:\/\/www.carideal.com\/blog\/2011\/12\/05\/la-citroen-ds5-recompensee-par-top-gear-chanel-5-et-auto-bild\/"},"wordCount":259,"commentCount":0,"publisher":{"@id":"https:\/\/www.carideal.com\/blog\/#organization"},"image":{"@id":"https:\/\/www.carideal.com\/blog\/2011\/12\/05\/la-citroen-ds5-recompensee-par-top-gear-chanel-5-et-auto-bild\/#primaryimage"},"thumbnailUrl":"https:\/\/www.carideal.com\/blog\/wp-content\/uploads\/2011\/12\/achat-vente-citroen-ds-corner-carideal-mandataire-automobile_m.jpg","keywords":["Top Gear"],"articleSection":["Actualit\u00e9 Citroen","Actualit\u00e9 Constructeur automobile","Actualit\u00e9 DS","Actualit\u00e9 DS5","Berlines","Essais automobile","Type de v\u00e9hicule"],"inLanguage":"fr-FR","potentialAction":[{"@type":"CommentAction","name":"Comment","target":["https:\/\/www.carideal.com\/blog\/2011\/12\/05\/la-citroen-ds5-recompensee-par-top-gear-chanel-5-et-auto-bild\/#respond"]}]},{"@type":"WebPage","@id":"https:\/\/www.carideal.com\/blog\/2011\/12\/05\/la-citroen-ds5-recompensee-par-top-gear-chanel-5-et-auto-bild\/","url":"https:\/\/www.carideal.com\/blog\/2011\/12\/05\/la-citroen-ds5-recompensee-par-top-gear-chanel-5-et-auto-bild\/","name":"Citroen DS5 recompensee par Top Gear - Blog auto Carid\u00e9al","isPartOf":{"@id":"https:\/\/www.carideal.com\/blog\/#website"},"primaryImageOfPage":{"@id":"https:\/\/www.carideal.com\/blog\/2011\/12\/05\/la-citroen-ds5-recompensee-par-top-gear-chanel-5-et-auto-bild\/#primaryimage"},"image":{"@id":"https:\/\/www.carideal.com\/blog\/2011\/12\/05\/la-citroen-ds5-recompensee-par-top-gear-chanel-5-et-auto-bild\/#primaryimage"},"thumbnailUrl":"https:\/\/www.carideal.com\/blog\/wp-content\/uploads\/2011\/12\/achat-vente-citroen-ds-corner-carideal-mandataire-automobile_m.jpg","datePublished":"2011-12-05T12:32:00+00:00","dateModified":"2017-01-30T18:25:36+00:00","breadcrumb":{"@id":"https:\/\/www.carideal.com\/blog\/2011\/12\/05\/la-citroen-ds5-recompensee-par-top-gear-chanel-5-et-auto-bild\/#breadcrumb"},"inLanguage":"fr-FR","potentialAction":[{"@type":"ReadAction","target":["https:\/\/www.carideal.com\/blog\/2011\/12\/05\/la-citroen-ds5-recompensee-par-top-gear-chanel-5-et-auto-bild\/"]}]},{"@type":"ImageObject","inLanguage":"fr-FR","@id":"https:\/\/www.carideal.com\/blog\/2011\/12\/05\/la-citroen-ds5-recompensee-par-top-gear-chanel-5-et-auto-bild\/#primaryimage","url":"https:\/\/www.carideal.com\/blog\/wp-content\/uploads\/2011\/12\/achat-vente-citroen-ds-corner-carideal-mandataire-automobile_m.jpg","contentUrl":"https:\/\/www.carideal.com\/blog\/wp-content\/uploads\/2011\/12\/achat-vente-citroen-ds-corner-carideal-mandataire-automobile_m.jpg","width":426,"height":448,"caption":"DS5 r\u00e9compens\u00e9 par Top Gear"},{"@type":"BreadcrumbList","@id":"https:\/\/www.carideal.com\/blog\/2011\/12\/05\/la-citroen-ds5-recompensee-par-top-gear-chanel-5-et-auto-bild\/#breadcrumb","itemListElement":[{"@type":"ListItem","position":1,"name":"Blog Carid\u00e9al","item":"https:\/\/www.carideal.com\/blog\/"},{"@type":"ListItem","position":2,"name":"Actualit\u00e9 constructeur automobile","item":"https:\/\/www.carideal.com\/blog\/constructeur\/"},{"@type":"ListItem","position":3,"name":"Actualit\u00e9 DS","item":"https:\/\/www.carideal.com\/blog\/constructeur\/ds\/"},{"@type":"ListItem","position":4,"name":"Actualit\u00e9 DS5","item":"https:\/\/www.carideal.com\/blog\/constructeur\/ds\/actualite-ds5\/"},{"@type":"ListItem","position":5,"name":"Citroen DS5 recompensee par Top Gear"}]},{"@type":"WebSite","@id":"https:\/\/www.carideal.com\/blog\/#website","url":"https:\/\/www.carideal.com\/blog\/","name":"Blog auto Carid\u00e9al","description":"Actualit\u00e9 auto par des passionn\u00e9s","publisher":{"@id":"https:\/\/www.carideal.com\/blog\/#organization"},"potentialAction":[{"@type":"SearchAction","target":{"@type":"EntryPoint","urlTemplate":"https:\/\/www.carideal.com\/blog\/?s={search_term_string}"},"query-input":{"@type":"PropertyValueSpecification","valueRequired":true,"valueName":"search_term_string"}}],"inLanguage":"fr-FR"},{"@type":"Organization","@id":"https:\/\/www.carideal.com\/blog\/#organization","name":"Carideal","url":"https:\/\/www.carideal.com\/blog\/","logo":{"@type":"ImageObject","inLanguage":"fr-FR","@id":"https:\/\/www.carideal.com\/blog\/#\/schema\/logo\/image\/","url":"http:\/\/www.carideal.com\/blog\/wp-content\/uploads\/2016\/03\/logo-carideal-mandataire-automobile.png","contentUrl":"http:\/\/www.carideal.com\/blog\/wp-content\/uploads\/2016\/03\/logo-carideal-mandataire-automobile.png","width":300,"height":300,"caption":"Carideal"},"image":{"@id":"https:\/\/www.carideal.com\/blog\/#\/schema\/logo\/image\/"},"sameAs":["https:\/\/www.facebook.com\/Carideal.mandataire.automobile","https:\/\/x.com\/caridealauto","https:\/\/www.instagram.com\/carideal1\/","https:\/\/www.linkedin.com\/company\/carideal.com","https:\/\/fr.pinterest.com\/schiavonsas\/","https:\/\/www.youtube.com\/user\/caridealsas"]},{"@type":"Person","@id":"https:\/\/www.carideal.com\/blog\/#\/schema\/person\/985c7e757d1042d647f21bfaf8d41ebc","name":"N.S Carideal","image":{"@type":"ImageObject","inLanguage":"fr-FR","@id":"https:\/\/www.carideal.com\/blog\/#\/schema\/person\/image\/","url":"https:\/\/secure.gravatar.com\/avatar\/edb7ccdf1a4e3d14aef967760d354d0e?s=96&r=g","contentUrl":"https:\/\/secure.gravatar.com\/avatar\/edb7ccdf1a4e3d14aef967760d354d0e?s=96&r=g","caption":"N.S Carideal"},"description":"Depuis tout petit fan d'automobile. Il est question d'essayer et de comparer toutes ces voitures qui nous ont fait r\u00e9ver, avant que celles-ci ne devient uniquement des voitures de collection.","sameAs":["http:\/\/www.carideal.com\/blog","https:\/\/www.facebook.com\/Carideal.mandataire.automobile\/","https:\/\/www.linkedin.com\/in\/nschiavon\/","https:\/\/www.youtube.com\/user\/caridealsas\/"],"url":"https:\/\/www.carideal.com\/blog\/author\/admin_carideal\/"}]}},"uagb_featured_image_src":{"full":["https:\/\/www.carideal.com\/blog\/wp-content\/uploads\/2011\/12\/achat-vente-citroen-ds-corner-carideal-mandataire-automobile_m.jpg",426,448,false],"thumbnail":["https:\/\/www.carideal.com\/blog\/wp-content\/uploads\/2011\/12\/achat-vente-citroen-ds-corner-carideal-mandataire-automobile_m-150x150.jpg",150,150,true],"medium":["https:\/\/www.carideal.com\/blog\/wp-content\/uploads\/2011\/12\/achat-vente-citroen-ds-corner-carideal-mandataire-automobile_m-285x300.jpg",285,300,true],"medium_large":["https:\/\/www.carideal.com\/blog\/wp-content\/uploads\/2011\/12\/achat-vente-citroen-ds-corner-carideal-mandataire-automobile_m.jpg",426,448,false],"large":["https:\/\/www.carideal.com\/blog\/wp-content\/uploads\/2011\/12\/achat-vente-citroen-ds-corner-carideal-mandataire-automobile_m.jpg",426,448,false],"1536x1536":["https:\/\/www.carideal.com\/blog\/wp-content\/uploads\/2011\/12\/achat-vente-citroen-ds-corner-carideal-mandataire-automobile_m.jpg",426,448,false],"2048x2048":["https:\/\/www.carideal.com\/blog\/wp-content\/uploads\/2011\/12\/achat-vente-citroen-ds-corner-carideal-mandataire-automobile_m.jpg",426,448,false],"wppr-widget":["https:\/\/www.carideal.com\/blog\/wp-content\/uploads\/2011\/12\/achat-vente-citroen-ds-corner-carideal-mandataire-automobile_m.jpg",48,50,false]},"uagb_author_info":{"display_name":"N.S Carideal","author_link":"https:\/\/www.carideal.com\/blog\/author\/admin_carideal\/"},"uagb_comment_info":0,"uagb_excerpt":"&nbsp; La Citroen DS5 recompens\u00e9e par Top Gear Chanel 5 et Auto Bild (Photo) Le corner de vente de la gamme DS TOP GEAR c\u00e9l\u00e8bre \u00e9mission automobile vient de d\u00e9cerner \u00e0 la DS5 le titre de Family car of the year. La Citroen DS3 vient d'\u00eatre r\u00e9compens\u00e9 deux fois en Allemagne, les lecteurs d'AUTO ZEITUNG\u2026","_links":{"self":[{"href":"https:\/\/www.carideal.com\/blog\/wp-json\/wp\/v2\/posts\/1009"}],"collection":[{"href":"https:\/\/www.carideal.com\/blog\/wp-json\/wp\/v2\/posts"}],"about":[{"href":"https:\/\/www.carideal.com\/blog\/wp-json\/wp\/v2\/types\/post"}],"author":[{"embeddable":true,"href":"https:\/\/www.carideal.com\/blog\/wp-json\/wp\/v2\/users\/1"}],"replies":[{"embeddable":true,"href":"https:\/\/www.carideal.com\/blog\/wp-json\/wp\/v2\/comments?post=1009"}],"version-history":[{"count":0,"href":"https:\/\/www.carideal.com\/blog\/wp-json\/wp\/v2\/posts\/1009\/revisions"}],"wp:featuredmedia":[{"embeddable":true,"href":"https:\/\/www.carideal.com\/blog\/wp-json\/wp\/v2\/media\/15109"}],"wp:attachment":[{"href":"https:\/\/www.carideal.com\/blog\/wp-json\/wp\/v2\/media?parent=1009"}],"wp:term":[{"taxonomy":"category","embeddable":true,"href":"https:\/\/www.carideal.com\/blog\/wp-json\/wp\/v2\/categories?post=1009"},{"taxonomy":"post_tag","embeddable":true,"href":"https:\/\/www.carideal.com\/blog\/wp-json\/wp\/v2\/tags?post=1009"}],"curies":[{"name":"wp","href":"https:\/\/api.w.org\/{rel}","templated":true}]}}