{"id":1006,"date":"2011-11-26T09:48:00","date_gmt":"2011-11-26T09:48:00","guid":{"rendered":"http:\/\/carideal.com\/blog\/?p=1006"},"modified":"2020-03-07T20:21:31","modified_gmt":"2020-03-07T19:21:31","slug":"des-corners-ds-dans-les-points-de-vente-citroen","status":"publish","type":"post","link":"https:\/\/www.carideal.com\/blog\/2011\/11\/26\/des-corners-ds-dans-les-points-de-vente-citroen\/","title":{"rendered":"Des corners DS dans les points de vente Citroen"},"content":{"rendered":"<p><img decoding=\"async\" src=\"\/blog\/public\/.02394234-photo-salon-francfort-2009-citroen-ds3_m.jpg\" alt=\"citroen ds3\" title=\"citroen ds3, sept. 2009\" \/><\/p>\n<blockquote>\n<p>Achat Citroen DS<\/p>\n<\/blockquote>\n<p>Citroen souhaite que les plus grandes villes d'Europe soit \u00e9quip\u00e9es d'un point de vente sp\u00e9cifique \"DS World\" d'ici \u00e0 2012, et va lancer un Club DS avec des services in\u00e9dits.<br \/>\nCitroen veut profiter du lancement de la DS5 pour aller plus loin dans la commercialisation de sa gamme DS. Elle avait tout d'abord demand\u00e9 \u00e0 ses points de vente de cr\u00e9er un emplacement sp\u00e9cifique dans les showroom, pour la gamme DS, mais veut maintenant aller plus loin. Elle va demander \u00e0 ses concessionnaires de r\u00e9server 120 \u00e0 150m2 dans leur hall d'exposition, afin d'exposer la gamme compl\u00e8te.<br \/>\n<img decoding=\"async\" src=\"\/blog\/public\/.achat-vente-citroen-ds-corner-carideal-mandataire-automobile_m.jpg\" alt=\"achat citroen DS corner\" title=\"achat citroen DS corner, nov. 2011\" \/><\/p>\n<blockquote>\n<p>Le corner DS devra reprendre les codes stylistiques de la gamme DS<\/p>\n<\/blockquote>\n<p>Le Corner DS devra reprendre les codes stylistiques de la gamme DS c'est \u00e0 dire&nbsp;: un carrelage noir chaud, un habillage mural champagne avec des trames DS, un \u00e9clairage sp\u00e9cifique, un bureau d\u00e9dui\u00e9 pour le vendeur, un mur d'accessoires et de configurateur d'aide \u00e0 la vente. Mine de rien cet investissement reviendrait entre 80 000 et 100 000 \u20ac !! pour le moment il n'y aurait pas d'obligation d'investissement sauf en cas de nouvel investissement.<br \/>\n<img decoding=\"async\" src=\"\/blog\/public\/.malette_citroen_DS_configurateur_m.jpg\" alt=\"malette_citroen_DS_configurateur.jpg\" title=\"malette_citroen_DS_configurateur.jpg, nov. 2011\" \/><\/p>\n<blockquote>\n<p>La mallette configurateur citroen DS<\/p>\n<\/blockquote>\n<p>Le premier Corner Citroen DS vient d'ouvrir \u00e0 Castre dans le 81. En marge de la commercialisation de la DS5, Citroen lance la mallette DS, v\u00e9ritable configurateur des couleurs, \u00e9chantillon de cuir, et d'inserts m\u00e9talliques et ambiances de la gamme DS, cet outil d'aide \u00e0 la vente factur\u00e9 1000 \u20ac par Citroen \u00e0 ses points de vente, est fabriqu\u00e9 en cuir par un sous traitant de Vuitton.<br \/>\nCitroen s'est inspir\u00e9 des m\u00e9thodes marketing de la Joaillerie et c'est une premi\u00e8re chez un constructeur g\u00e9n\u00e9raliste.<\/p>\n<p>Citroen Souhaite en 2012 lancer des points de vente d\u00e9di\u00e9s \u00e0 la Gamme DS dans les grandes capitales mondiales, fort du constat que 60% des clients ayant achet\u00e9s une DS3 et 50% pour une DS n'avait jamais achet\u00e9 de Citroen.<br \/>\n<img decoding=\"async\" src=\"\/blog\/public\/.achat-citroen-ds5-carideal-mandataire-automobile_m.jpg\" alt=\"achat-citroen-ds5-carideal-mandataire-automobile.jpg\" title=\"achat-citroen-ds5-carideal-mandataire-automobile.jpg, nov. 2011\" \/><\/p>\n<blockquote>\n<p>L'int\u00e9rieure de la Citroen DS5<\/p>\n<\/blockquote>\n<p>Le concept du DS World repose sur un show room de 200m2 avec aire de livraison, un coin apr\u00e8s vente et un vendeur d\u00e9di\u00e9. Le but&nbsp;? ins\u00e9rer des show room urbain et toucher une nouvelle client\u00e8le. Citroen veut appliquer au reste du monde ce qu'il a d\u00e9j\u00e0 fait en Chine.<br \/>\nEn janvier 2012 Citroen lancera son club DS, bas\u00e9 sur des privil\u00e8ges et services gratuits, un magazine, et un service de conciergerie, comme dans l'h\u00f4tellerie de luxe ou chez Lexus.<\/p>\n<p>\/\/\/ Achat Citroen DS3 moins ch\u00e8re par Carideal mandataire automobile<br \/>\n\/\/\/ Achat Citroen DS4 moins ch\u00e8re par Carideal mandataire automobile<br \/>\n\/\/\/ Achat Citoen DS5 moins ch\u00e8re par Carideal mandataire automobile<br \/>\n\/\/\/ <a href=\"http:\/\/www.facebook.com\/media\/set\/?set=a.10150159513742420.307048.101784082419\" hreflang=\"fr\">Galerie photo de la citroen DS5<\/a><\/p>\n","protected":false},"excerpt":{"rendered":"<p>Achat Citroen DS Citroen souhaite que les plus grandes villes d&rsquo;Europe soit \u00e9quip\u00e9es d&rsquo;un point de vente sp\u00e9cifique \u00ab\u00a0DS World\u00a0\u00bb d&rsquo;ici \u00e0 2012, et va lancer un Club DS avec des services in\u00e9dits. Citroen veut profiter du lancement de la DS5 pour aller plus loin dans la commercialisation de sa gamme DS. Elle avait tout &#8230; <a title=\"Des corners DS dans les points de vente Citroen\" class=\"read-more\" href=\"https:\/\/www.carideal.com\/blog\/2011\/11\/26\/des-corners-ds-dans-les-points-de-vente-citroen\/\" aria-label=\"En savoir plus sur Des corners DS dans les points de vente Citroen\">Lire plus<\/a><\/p>\n","protected":false},"author":1,"featured_media":0,"comment_status":"open","ping_status":"open","sticky":false,"template":"","format":"standard","meta":{"_uag_custom_page_level_css":"","_themeisle_gutenberg_block_has_review":false,"footnotes":""},"categories":[10],"tags":[],"class_list":["post-1006","post","type-post","status-publish","format-standard","hentry","category-marche-automobile-voiture-neuve-occasion-4x4-suv"],"wppr_data":[],"yoast_head":"<!-- This site is optimized with the Yoast SEO plugin v24.8.1 - https:\/\/yoast.com\/wordpress\/plugins\/seo\/ -->\n<title>Des corners DS dans les points de vente Citroen - Blog auto Carid\u00e9al<\/title>\n<meta name=\"robots\" content=\"index, follow, max-snippet:-1, max-image-preview:large, max-video-preview:-1\" \/>\n<link rel=\"canonical\" href=\"https:\/\/www.carideal.com\/blog\/2011\/11\/26\/des-corners-ds-dans-les-points-de-vente-citroen\/\" \/>\n<meta property=\"og:locale\" content=\"fr_FR\" \/>\n<meta property=\"og:type\" content=\"article\" \/>\n<meta property=\"og:title\" content=\"Des corners DS dans les points de vente Citroen - Blog auto Carid\u00e9al\" \/>\n<meta property=\"og:description\" content=\"Achat Citroen DS Citroen souhaite que les plus grandes villes d&#039;Europe soit \u00e9quip\u00e9es d&#039;un point de vente sp\u00e9cifique &quot;DS World&quot; d&#039;ici \u00e0 2012, et va lancer un Club DS avec des services in\u00e9dits. Citroen veut profiter du lancement de la DS5 pour aller plus loin dans la commercialisation de sa gamme DS. Elle avait tout ... Lire plus\" \/>\n<meta property=\"og:url\" content=\"https:\/\/www.carideal.com\/blog\/2011\/11\/26\/des-corners-ds-dans-les-points-de-vente-citroen\/\" \/>\n<meta property=\"og:site_name\" content=\"Blog auto Carid\u00e9al\" \/>\n<meta property=\"article:publisher\" content=\"https:\/\/www.facebook.com\/Carideal.mandataire.automobile\" \/>\n<meta property=\"article:author\" content=\"https:\/\/www.facebook.com\/Carideal.mandataire.automobile\/\" \/>\n<meta property=\"article:published_time\" content=\"2011-11-26T09:48:00+00:00\" \/>\n<meta property=\"article:modified_time\" content=\"2020-03-07T19:21:31+00:00\" \/>\n<meta property=\"og:image\" content=\"https:\/\/www.carideal.com\/blog\/wp-content\/uploads\/2016\/03\/logo-carideal-mandataire-automobile.png\" \/>\n\t<meta property=\"og:image:width\" content=\"300\" \/>\n\t<meta property=\"og:image:height\" content=\"300\" \/>\n\t<meta property=\"og:image:type\" content=\"image\/png\" \/>\n<meta name=\"author\" content=\"N.S Carideal\" \/>\n<meta name=\"twitter:card\" content=\"summary_large_image\" \/>\n<meta name=\"twitter:creator\" content=\"@caridealauto\" \/>\n<meta name=\"twitter:site\" content=\"@caridealauto\" \/>\n<meta name=\"twitter:label1\" content=\"\u00c9crit par\" \/>\n\t<meta name=\"twitter:data1\" content=\"N.S Carideal\" \/>\n\t<meta name=\"twitter:label2\" content=\"Dur\u00e9e de lecture estim\u00e9e\" \/>\n\t<meta name=\"twitter:data2\" content=\"2 minutes\" \/>\n<script type=\"application\/ld+json\" class=\"yoast-schema-graph\">{\"@context\":\"https:\/\/schema.org\",\"@graph\":[{\"@type\":\"Article\",\"@id\":\"https:\/\/www.carideal.com\/blog\/2011\/11\/26\/des-corners-ds-dans-les-points-de-vente-citroen\/#article\",\"isPartOf\":{\"@id\":\"https:\/\/www.carideal.com\/blog\/2011\/11\/26\/des-corners-ds-dans-les-points-de-vente-citroen\/\"},\"author\":{\"name\":\"N.S Carideal\",\"@id\":\"https:\/\/www.carideal.com\/blog\/#\/schema\/person\/985c7e757d1042d647f21bfaf8d41ebc\"},\"headline\":\"Des corners DS dans les points de vente Citroen\",\"datePublished\":\"2011-11-26T09:48:00+00:00\",\"dateModified\":\"2020-03-07T19:21:31+00:00\",\"mainEntityOfPage\":{\"@id\":\"https:\/\/www.carideal.com\/blog\/2011\/11\/26\/des-corners-ds-dans-les-points-de-vente-citroen\/\"},\"wordCount\":449,\"commentCount\":0,\"publisher\":{\"@id\":\"https:\/\/www.carideal.com\/blog\/#organization\"},\"articleSection\":[\"March\u00e9 automobile\"],\"inLanguage\":\"fr-FR\",\"potentialAction\":[{\"@type\":\"CommentAction\",\"name\":\"Comment\",\"target\":[\"https:\/\/www.carideal.com\/blog\/2011\/11\/26\/des-corners-ds-dans-les-points-de-vente-citroen\/#respond\"]}]},{\"@type\":\"WebPage\",\"@id\":\"https:\/\/www.carideal.com\/blog\/2011\/11\/26\/des-corners-ds-dans-les-points-de-vente-citroen\/\",\"url\":\"https:\/\/www.carideal.com\/blog\/2011\/11\/26\/des-corners-ds-dans-les-points-de-vente-citroen\/\",\"name\":\"Des corners DS dans les points de vente Citroen - Blog auto Carid\u00e9al\",\"isPartOf\":{\"@id\":\"https:\/\/www.carideal.com\/blog\/#website\"},\"datePublished\":\"2011-11-26T09:48:00+00:00\",\"dateModified\":\"2020-03-07T19:21:31+00:00\",\"breadcrumb\":{\"@id\":\"https:\/\/www.carideal.com\/blog\/2011\/11\/26\/des-corners-ds-dans-les-points-de-vente-citroen\/#breadcrumb\"},\"inLanguage\":\"fr-FR\",\"potentialAction\":[{\"@type\":\"ReadAction\",\"target\":[\"https:\/\/www.carideal.com\/blog\/2011\/11\/26\/des-corners-ds-dans-les-points-de-vente-citroen\/\"]}]},{\"@type\":\"BreadcrumbList\",\"@id\":\"https:\/\/www.carideal.com\/blog\/2011\/11\/26\/des-corners-ds-dans-les-points-de-vente-citroen\/#breadcrumb\",\"itemListElement\":[{\"@type\":\"ListItem\",\"position\":1,\"name\":\"Blog Carid\u00e9al\",\"item\":\"https:\/\/www.carideal.com\/blog\/\"},{\"@type\":\"ListItem\",\"position\":2,\"name\":\"March\u00e9 automobile\",\"item\":\"https:\/\/www.carideal.com\/blog\/marche-automobile-voiture-neuve-occasion-4x4-suv\/\"},{\"@type\":\"ListItem\",\"position\":3,\"name\":\"Des corners DS dans les points de vente Citroen\"}]},{\"@type\":\"WebSite\",\"@id\":\"https:\/\/www.carideal.com\/blog\/#website\",\"url\":\"https:\/\/www.carideal.com\/blog\/\",\"name\":\"Blog auto Carid\u00e9al\",\"description\":\"Actualit\u00e9 auto par des passionn\u00e9s\",\"publisher\":{\"@id\":\"https:\/\/www.carideal.com\/blog\/#organization\"},\"potentialAction\":[{\"@type\":\"SearchAction\",\"target\":{\"@type\":\"EntryPoint\",\"urlTemplate\":\"https:\/\/www.carideal.com\/blog\/?s={search_term_string}\"},\"query-input\":{\"@type\":\"PropertyValueSpecification\",\"valueRequired\":true,\"valueName\":\"search_term_string\"}}],\"inLanguage\":\"fr-FR\"},{\"@type\":\"Organization\",\"@id\":\"https:\/\/www.carideal.com\/blog\/#organization\",\"name\":\"Carideal\",\"url\":\"https:\/\/www.carideal.com\/blog\/\",\"logo\":{\"@type\":\"ImageObject\",\"inLanguage\":\"fr-FR\",\"@id\":\"https:\/\/www.carideal.com\/blog\/#\/schema\/logo\/image\/\",\"url\":\"http:\/\/www.carideal.com\/blog\/wp-content\/uploads\/2016\/03\/logo-carideal-mandataire-automobile.png\",\"contentUrl\":\"http:\/\/www.carideal.com\/blog\/wp-content\/uploads\/2016\/03\/logo-carideal-mandataire-automobile.png\",\"width\":300,\"height\":300,\"caption\":\"Carideal\"},\"image\":{\"@id\":\"https:\/\/www.carideal.com\/blog\/#\/schema\/logo\/image\/\"},\"sameAs\":[\"https:\/\/www.facebook.com\/Carideal.mandataire.automobile\",\"https:\/\/x.com\/caridealauto\",\"https:\/\/www.instagram.com\/carideal1\/\",\"https:\/\/www.linkedin.com\/company\/carideal.com\",\"https:\/\/fr.pinterest.com\/schiavonsas\/\",\"https:\/\/www.youtube.com\/user\/caridealsas\"]},{\"@type\":\"Person\",\"@id\":\"https:\/\/www.carideal.com\/blog\/#\/schema\/person\/985c7e757d1042d647f21bfaf8d41ebc\",\"name\":\"N.S Carideal\",\"image\":{\"@type\":\"ImageObject\",\"inLanguage\":\"fr-FR\",\"@id\":\"https:\/\/www.carideal.com\/blog\/#\/schema\/person\/image\/\",\"url\":\"https:\/\/secure.gravatar.com\/avatar\/edb7ccdf1a4e3d14aef967760d354d0e?s=96&r=g\",\"contentUrl\":\"https:\/\/secure.gravatar.com\/avatar\/edb7ccdf1a4e3d14aef967760d354d0e?s=96&r=g\",\"caption\":\"N.S Carideal\"},\"description\":\"Depuis tout petit fan d'automobile. Il est question d'essayer et de comparer toutes ces voitures qui nous ont fait r\u00e9ver, avant que celles-ci ne devient uniquement des voitures de collection.\",\"sameAs\":[\"http:\/\/www.carideal.com\/blog\",\"https:\/\/www.facebook.com\/Carideal.mandataire.automobile\/\",\"https:\/\/www.linkedin.com\/in\/nschiavon\/\",\"https:\/\/www.youtube.com\/user\/caridealsas\/\"],\"url\":\"https:\/\/www.carideal.com\/blog\/author\/admin_carideal\/\"}]}<\/script>\n<!-- \/ Yoast SEO plugin. -->","yoast_head_json":{"title":"Des corners DS dans les points de vente Citroen - Blog auto Carid\u00e9al","robots":{"index":"index","follow":"follow","max-snippet":"max-snippet:-1","max-image-preview":"max-image-preview:large","max-video-preview":"max-video-preview:-1"},"canonical":"https:\/\/www.carideal.com\/blog\/2011\/11\/26\/des-corners-ds-dans-les-points-de-vente-citroen\/","og_locale":"fr_FR","og_type":"article","og_title":"Des corners DS dans les points de vente Citroen - Blog auto Carid\u00e9al","og_description":"Achat Citroen DS Citroen souhaite que les plus grandes villes d'Europe soit \u00e9quip\u00e9es d'un point de vente sp\u00e9cifique \"DS World\" d'ici \u00e0 2012, et va lancer un Club DS avec des services in\u00e9dits. Citroen veut profiter du lancement de la DS5 pour aller plus loin dans la commercialisation de sa gamme DS. Elle avait tout ... Lire plus","og_url":"https:\/\/www.carideal.com\/blog\/2011\/11\/26\/des-corners-ds-dans-les-points-de-vente-citroen\/","og_site_name":"Blog auto Carid\u00e9al","article_publisher":"https:\/\/www.facebook.com\/Carideal.mandataire.automobile","article_author":"https:\/\/www.facebook.com\/Carideal.mandataire.automobile\/","article_published_time":"2011-11-26T09:48:00+00:00","article_modified_time":"2020-03-07T19:21:31+00:00","og_image":[{"width":300,"height":300,"url":"https:\/\/www.carideal.com\/blog\/wp-content\/uploads\/2016\/03\/logo-carideal-mandataire-automobile.png","type":"image\/png"}],"author":"N.S Carideal","twitter_card":"summary_large_image","twitter_creator":"@caridealauto","twitter_site":"@caridealauto","twitter_misc":{"\u00c9crit par":"N.S Carideal","Dur\u00e9e de lecture estim\u00e9e":"2 minutes"},"schema":{"@context":"https:\/\/schema.org","@graph":[{"@type":"Article","@id":"https:\/\/www.carideal.com\/blog\/2011\/11\/26\/des-corners-ds-dans-les-points-de-vente-citroen\/#article","isPartOf":{"@id":"https:\/\/www.carideal.com\/blog\/2011\/11\/26\/des-corners-ds-dans-les-points-de-vente-citroen\/"},"author":{"name":"N.S Carideal","@id":"https:\/\/www.carideal.com\/blog\/#\/schema\/person\/985c7e757d1042d647f21bfaf8d41ebc"},"headline":"Des corners DS dans les points de vente Citroen","datePublished":"2011-11-26T09:48:00+00:00","dateModified":"2020-03-07T19:21:31+00:00","mainEntityOfPage":{"@id":"https:\/\/www.carideal.com\/blog\/2011\/11\/26\/des-corners-ds-dans-les-points-de-vente-citroen\/"},"wordCount":449,"commentCount":0,"publisher":{"@id":"https:\/\/www.carideal.com\/blog\/#organization"},"articleSection":["March\u00e9 automobile"],"inLanguage":"fr-FR","potentialAction":[{"@type":"CommentAction","name":"Comment","target":["https:\/\/www.carideal.com\/blog\/2011\/11\/26\/des-corners-ds-dans-les-points-de-vente-citroen\/#respond"]}]},{"@type":"WebPage","@id":"https:\/\/www.carideal.com\/blog\/2011\/11\/26\/des-corners-ds-dans-les-points-de-vente-citroen\/","url":"https:\/\/www.carideal.com\/blog\/2011\/11\/26\/des-corners-ds-dans-les-points-de-vente-citroen\/","name":"Des corners DS dans les points de vente Citroen - Blog auto Carid\u00e9al","isPartOf":{"@id":"https:\/\/www.carideal.com\/blog\/#website"},"datePublished":"2011-11-26T09:48:00+00:00","dateModified":"2020-03-07T19:21:31+00:00","breadcrumb":{"@id":"https:\/\/www.carideal.com\/blog\/2011\/11\/26\/des-corners-ds-dans-les-points-de-vente-citroen\/#breadcrumb"},"inLanguage":"fr-FR","potentialAction":[{"@type":"ReadAction","target":["https:\/\/www.carideal.com\/blog\/2011\/11\/26\/des-corners-ds-dans-les-points-de-vente-citroen\/"]}]},{"@type":"BreadcrumbList","@id":"https:\/\/www.carideal.com\/blog\/2011\/11\/26\/des-corners-ds-dans-les-points-de-vente-citroen\/#breadcrumb","itemListElement":[{"@type":"ListItem","position":1,"name":"Blog Carid\u00e9al","item":"https:\/\/www.carideal.com\/blog\/"},{"@type":"ListItem","position":2,"name":"March\u00e9 automobile","item":"https:\/\/www.carideal.com\/blog\/marche-automobile-voiture-neuve-occasion-4x4-suv\/"},{"@type":"ListItem","position":3,"name":"Des corners DS dans les points de vente Citroen"}]},{"@type":"WebSite","@id":"https:\/\/www.carideal.com\/blog\/#website","url":"https:\/\/www.carideal.com\/blog\/","name":"Blog auto Carid\u00e9al","description":"Actualit\u00e9 auto par des passionn\u00e9s","publisher":{"@id":"https:\/\/www.carideal.com\/blog\/#organization"},"potentialAction":[{"@type":"SearchAction","target":{"@type":"EntryPoint","urlTemplate":"https:\/\/www.carideal.com\/blog\/?s={search_term_string}"},"query-input":{"@type":"PropertyValueSpecification","valueRequired":true,"valueName":"search_term_string"}}],"inLanguage":"fr-FR"},{"@type":"Organization","@id":"https:\/\/www.carideal.com\/blog\/#organization","name":"Carideal","url":"https:\/\/www.carideal.com\/blog\/","logo":{"@type":"ImageObject","inLanguage":"fr-FR","@id":"https:\/\/www.carideal.com\/blog\/#\/schema\/logo\/image\/","url":"http:\/\/www.carideal.com\/blog\/wp-content\/uploads\/2016\/03\/logo-carideal-mandataire-automobile.png","contentUrl":"http:\/\/www.carideal.com\/blog\/wp-content\/uploads\/2016\/03\/logo-carideal-mandataire-automobile.png","width":300,"height":300,"caption":"Carideal"},"image":{"@id":"https:\/\/www.carideal.com\/blog\/#\/schema\/logo\/image\/"},"sameAs":["https:\/\/www.facebook.com\/Carideal.mandataire.automobile","https:\/\/x.com\/caridealauto","https:\/\/www.instagram.com\/carideal1\/","https:\/\/www.linkedin.com\/company\/carideal.com","https:\/\/fr.pinterest.com\/schiavonsas\/","https:\/\/www.youtube.com\/user\/caridealsas"]},{"@type":"Person","@id":"https:\/\/www.carideal.com\/blog\/#\/schema\/person\/985c7e757d1042d647f21bfaf8d41ebc","name":"N.S Carideal","image":{"@type":"ImageObject","inLanguage":"fr-FR","@id":"https:\/\/www.carideal.com\/blog\/#\/schema\/person\/image\/","url":"https:\/\/secure.gravatar.com\/avatar\/edb7ccdf1a4e3d14aef967760d354d0e?s=96&r=g","contentUrl":"https:\/\/secure.gravatar.com\/avatar\/edb7ccdf1a4e3d14aef967760d354d0e?s=96&r=g","caption":"N.S Carideal"},"description":"Depuis tout petit fan d'automobile. Il est question d'essayer et de comparer toutes ces voitures qui nous ont fait r\u00e9ver, avant que celles-ci ne devient uniquement des voitures de collection.","sameAs":["http:\/\/www.carideal.com\/blog","https:\/\/www.facebook.com\/Carideal.mandataire.automobile\/","https:\/\/www.linkedin.com\/in\/nschiavon\/","https:\/\/www.youtube.com\/user\/caridealsas\/"],"url":"https:\/\/www.carideal.com\/blog\/author\/admin_carideal\/"}]}},"uagb_featured_image_src":{"full":false,"thumbnail":false,"medium":false,"medium_large":false,"large":false,"1536x1536":false,"2048x2048":false,"wppr-widget":false},"uagb_author_info":{"display_name":"N.S Carideal","author_link":"https:\/\/www.carideal.com\/blog\/author\/admin_carideal\/"},"uagb_comment_info":0,"uagb_excerpt":"Achat Citroen DS Citroen souhaite que les plus grandes villes d'Europe soit \u00e9quip\u00e9es d'un point de vente sp\u00e9cifique \"DS World\" d'ici \u00e0 2012, et va lancer un Club DS avec des services in\u00e9dits. Citroen veut profiter du lancement de la DS5 pour aller plus loin dans la commercialisation de sa gamme DS. Elle avait tout\u2026","_links":{"self":[{"href":"https:\/\/www.carideal.com\/blog\/wp-json\/wp\/v2\/posts\/1006"}],"collection":[{"href":"https:\/\/www.carideal.com\/blog\/wp-json\/wp\/v2\/posts"}],"about":[{"href":"https:\/\/www.carideal.com\/blog\/wp-json\/wp\/v2\/types\/post"}],"author":[{"embeddable":true,"href":"https:\/\/www.carideal.com\/blog\/wp-json\/wp\/v2\/users\/1"}],"replies":[{"embeddable":true,"href":"https:\/\/www.carideal.com\/blog\/wp-json\/wp\/v2\/comments?post=1006"}],"version-history":[{"count":0,"href":"https:\/\/www.carideal.com\/blog\/wp-json\/wp\/v2\/posts\/1006\/revisions"}],"wp:attachment":[{"href":"https:\/\/www.carideal.com\/blog\/wp-json\/wp\/v2\/media?parent=1006"}],"wp:term":[{"taxonomy":"category","embeddable":true,"href":"https:\/\/www.carideal.com\/blog\/wp-json\/wp\/v2\/categories?post=1006"},{"taxonomy":"post_tag","embeddable":true,"href":"https:\/\/www.carideal.com\/blog\/wp-json\/wp\/v2\/tags?post=1006"}],"curies":[{"name":"wp","href":"https:\/\/api.w.org\/{rel}","templated":true}]}}