{"id":1005,"date":"2011-11-24T17:59:00","date_gmt":"2011-11-24T17:59:00","guid":{"rendered":"http:\/\/carideal.com\/blog\/?p=1005"},"modified":"2020-02-04T21:53:43","modified_gmt":"2020-02-04T20:53:43","slug":"mercedes-glk-d-occasion-test-essai","status":"publish","type":"post","link":"https:\/\/www.carideal.com\/blog\/2011\/11\/24\/mercedes-glk-d-occasion-test-essai\/","title":{"rendered":"Avis MERCEDES GLK d&rsquo;occasion"},"content":{"rendered":"<h2>Avis Mercedes GLK d'occasion<\/h2>\n<p>Au moins le style int\u00e9rieur du <a href=\"http:\/\/www.carideal.com\/blog\/marque-de-voiture-actualites-essais\/mercedes\/\">Mercedes<\/a> <span style=\"text-decoration: underline;\">GLK<\/span> d'occasion est \u00e0 l'avenant du style ext\u00e9rieur. Un seul commodo qui fait tout...ou presque....\u00e7a risque d'\u00eatre compliqu\u00e9 pour les blondes LOL ( c'est peut \u00eatre pour cela qu'il se vend mal... LOL).<\/p>\n<figure id=\"attachment_21548\" aria-describedby=\"caption-attachment-21548\" style=\"width: 438px\" class=\"wp-caption alignnone\"><img loading=\"lazy\" decoding=\"async\" class=\"size-full wp-image-21548\" src=\"http:\/\/www.carideal.com\/blog\/wp-content\/uploads\/2011\/11\/achat-Mercedes-GLK-4x4-suv-carideal-mandataire-auto_m.jpg\" alt=\"Mercedes GLK occasion\" width=\"448\" height=\"308\" srcset=\"https:\/\/www.carideal.com\/blog\/wp-content\/uploads\/2011\/11\/achat-Mercedes-GLK-4x4-suv-carideal-mandataire-auto_m.jpg 448w, https:\/\/www.carideal.com\/blog\/wp-content\/uploads\/2011\/11\/achat-Mercedes-GLK-4x4-suv-carideal-mandataire-auto_m-300x206.jpg 300w, https:\/\/www.carideal.com\/blog\/wp-content\/uploads\/2011\/11\/achat-Mercedes-GLK-4x4-suv-carideal-mandataire-auto_m-50x34.jpg 50w, https:\/\/www.carideal.com\/blog\/wp-content\/uploads\/2011\/11\/achat-Mercedes-GLK-4x4-suv-carideal-mandataire-auto_m-110x76.jpg 110w, https:\/\/www.carideal.com\/blog\/wp-content\/uploads\/2011\/11\/achat-Mercedes-GLK-4x4-suv-carideal-mandataire-auto_m-420x289.jpg 420w\" sizes=\"(max-width: 448px) 100vw, 448px\" \/><figcaption id=\"caption-attachment-21548\" class=\"wp-caption-text\">Mercedes GLK occasion<\/figcaption><\/figure>\n<p>Ce <a href=\"http:\/\/www.carideal.com\/blog\/2019\/12\/21\/les-meilleurs-suv-a-acheter-maintenant-2019-2020\/\"><span style=\"text-decoration: underline;\">SUV<\/span><\/a> est clairement plus \u00e0 l'aise sur autoroute que sur nos nationales ou le ch\u00e2ssis restera celui de la <a href=\"http:\/\/www.carideal.com\/blog\/2014\/06\/04\/quelle-mercedes-classe-c-doccasion-choisir\/\"><span style=\"text-decoration: underline;\">Mercedes Classe\u00a0C<\/span><\/a>, la voiture prend de l'angle, du roulis et devient alors impr\u00e9cise.<\/p>\n<ul>\n<li><a href=\"http:\/\/www.carideal.com\/blog\/2019\/11\/29\/4x4-et-suv-plus-fiables-2019\/\">Les SUV les plus fiables<\/a><\/li>\n<\/ul>\n<p>Il faudra alors lever le pied, on pourrait en d\u00e9duire que les motorisations puissantes ne lui conviendront pas.<br \/>\nCeux qui veulent voir le capot pour se garer et faire un cr\u00e9neau seront g\u00e2t\u00e9s, sa forme cubique permet de voir pr\u00e9cis\u00e9ment ou se trouve l'avant de la voiture. Un exemple de <span style=\"text-decoration: underline;\"><a href=\"http:\/\/www.carideal.com\/blog\/2009\/12\/14\/brabus-glk-v12-le-suv-le-plus-rapide-du-monde\/\">Mercedes GLK Brabus<\/a><\/span>. On ne peut pas dire que le look du Mercedes GLK d'occasion soit ravageur ! On peut m\u00eame assurer, qu'il la desservit et ne lui a pas permis de trouver son public sur le march\u00e9 de la <a href=\"http:\/\/www.carideal.com\/blog\/voiture-neuve-region\/\"><span style=\"text-decoration: underline;\">voiture neuve<\/span><\/a> ni pour autant en <span style=\"text-decoration: underline;\">achat de voiture d'occasion<\/span>. Pourtant, le Mercedes GLK d'occasion est construit avec s\u00e9rieux, il poss\u00e8de de\u00a0nombreuses qualit\u00e9s, m\u00eame s'il avoue quelques faiblesses.<\/p>\n<h2>MERCEDES\u00a0GLK OCCASION\u00a0320 CDI 4MATIC 7G-TRONIC<\/h2>\n<p>Ann\u00e9e : 2010 pour cet exemple de Mercedes GLK d'occasion Kilom\u00e9trage : 93000 km Nombre de portes : 5 Puissance fiscale : 15 CV Puissance din : 224 ch Bo\u00eete de vitesse : automatique<br \/>\n\u00c9nergie : Diesel Mise en circulation : 17 \/ 11 \/ 2010 Couleur int\u00e9rieure : cuir noir Couleur ext\u00e9rieure : noir metal<\/p>\n<h3>Options &amp; \u00e9quipements du Mercedes GLK d'occasion<\/h3>\n<p>Ext\u00e9rieur et Ch\u00e2ssis du Mercedes GLK d'occasion aide parking av\/ar \u00e9chappement sport \u00e9chappement inox jantes alu 17\" peinture m\u00e9tallis\u00e9e r\u00e9troviseur \u00e9lectrique et d\u00e9givrants rampes de pavillon alu Int\u00e9rieur accoudoir central avant accoudoir central arri\u00e8re allume cigare boite automatique chargeur 6 CD ciel de pavillon noir climatisation automatique fermeture \u00e9lectrique GPS int\u00e9rieur tout cuir kit t\u00e9l\u00e9phone main libre ordinateur de bord pack alu r\u00e9gulateur limiteur de vitesse r\u00e9troviseur int. Jour\/nuit auto syst\u00e8me audio carte SD MP3 vitres teint\u00e9es vitres \u00e9lectriques volant multifonctions volant r\u00e9glable en hauteur et profondeur S\u00e9curit\u00e9 8 airbags contr\u00f4le de pression des pneus feux et essuie-glaces automatiques Antivol boulons antivol de roues Autre non fumeur Donn\u00e9es compl\u00e9mentaires1<br \/>\nVolume de coffre : 450 L\u00a04X4\u00a0Emission de CO2 : 220g\/km\u00a0Consommation mixte : 8.4 L \/ 100 KM<\/p>\n","protected":false},"excerpt":{"rendered":"<p>Avis Mercedes GLK d&rsquo;occasion Au moins le style int\u00e9rieur du Mercedes GLK d&rsquo;occasion est \u00e0 l&rsquo;avenant du style ext\u00e9rieur. Un seul commodo qui fait tout&#8230;ou presque&#8230;.\u00e7a risque d&rsquo;\u00eatre compliqu\u00e9 pour les blondes LOL ( c&rsquo;est peut \u00eatre pour cela qu&rsquo;il se vend mal&#8230; LOL). Ce SUV est clairement plus \u00e0 l&rsquo;aise sur autoroute que sur &#8230; <a title=\"Avis MERCEDES GLK d&rsquo;occasion\" class=\"read-more\" href=\"https:\/\/www.carideal.com\/blog\/2011\/11\/24\/mercedes-glk-d-occasion-test-essai\/\" aria-label=\"En savoir plus sur Avis MERCEDES GLK d&rsquo;occasion\">Lire plus<\/a><\/p>\n","protected":false},"author":1,"featured_media":21548,"comment_status":"open","ping_status":"open","sticky":false,"template":"","format":"standard","meta":{"_uag_custom_page_level_css":"","_themeisle_gutenberg_block_has_review":false,"footnotes":""},"categories":[5995,6025,10,6010],"tags":[],"class_list":["post-1005","post","type-post","status-publish","format-standard","has-post-thumbnail","hentry","category-mercedes","category-occasion-type-de-vehicule-type-de-vehicule","category-marche-automobile-voiture-neuve-occasion-4x4-suv","category-suv"],"wppr_data":{"cwp_meta_box_check":"No"},"yoast_head":"<!-- This site is optimized with the Yoast SEO plugin v24.8.1 - https:\/\/yoast.com\/wordpress\/plugins\/seo\/ -->\n<title>Avis MERCEDES GLK d&#039;occasion - Blog auto Carid\u00e9al<\/title>\n<meta name=\"description\" content=\"Au moins le style int\u00e9rieur du Mercedes GLK d&#039;occasion est \u00e0 l&#039;avenant du style ext\u00e9rieur. Un seul comodo qui fait tout...ou presque...\" \/>\n<meta name=\"robots\" content=\"index, follow, max-snippet:-1, max-image-preview:large, max-video-preview:-1\" \/>\n<link rel=\"canonical\" href=\"https:\/\/www.carideal.com\/blog\/2011\/11\/24\/mercedes-glk-d-occasion-test-essai\/\" \/>\n<meta property=\"og:locale\" content=\"fr_FR\" \/>\n<meta property=\"og:type\" content=\"article\" \/>\n<meta property=\"og:title\" content=\"Avis MERCEDES GLK d&#039;occasion - Blog auto Carid\u00e9al\" \/>\n<meta property=\"og:description\" content=\"Au moins le style int\u00e9rieur du Mercedes GLK d&#039;occasion est \u00e0 l&#039;avenant du style ext\u00e9rieur. Un seul comodo qui fait tout...ou presque...\" \/>\n<meta property=\"og:url\" content=\"https:\/\/www.carideal.com\/blog\/2011\/11\/24\/mercedes-glk-d-occasion-test-essai\/\" \/>\n<meta property=\"og:site_name\" content=\"Blog auto Carid\u00e9al\" \/>\n<meta property=\"article:publisher\" content=\"https:\/\/www.facebook.com\/Carideal.mandataire.automobile\" \/>\n<meta property=\"article:author\" content=\"https:\/\/www.facebook.com\/Carideal.mandataire.automobile\/\" \/>\n<meta property=\"article:published_time\" content=\"2011-11-24T17:59:00+00:00\" \/>\n<meta property=\"article:modified_time\" content=\"2020-02-04T20:53:43+00:00\" \/>\n<meta property=\"og:image\" content=\"https:\/\/www.carideal.com\/blog\/wp-content\/uploads\/2011\/11\/achat-Mercedes-GLK-4x4-suv-carideal-mandataire-auto_m.jpg\" \/>\n\t<meta property=\"og:image:width\" content=\"448\" \/>\n\t<meta property=\"og:image:height\" content=\"308\" \/>\n\t<meta property=\"og:image:type\" content=\"image\/jpeg\" \/>\n<meta name=\"author\" content=\"N.S Carideal\" \/>\n<meta name=\"twitter:card\" content=\"summary_large_image\" \/>\n<meta name=\"twitter:creator\" content=\"@caridealauto\" \/>\n<meta name=\"twitter:site\" content=\"@caridealauto\" \/>\n<meta name=\"twitter:label1\" content=\"\u00c9crit par\" \/>\n\t<meta name=\"twitter:data1\" content=\"N.S Carideal\" \/>\n\t<meta name=\"twitter:label2\" content=\"Dur\u00e9e de lecture estim\u00e9e\" \/>\n\t<meta name=\"twitter:data2\" content=\"2 minutes\" \/>\n<script type=\"application\/ld+json\" class=\"yoast-schema-graph\">{\"@context\":\"https:\/\/schema.org\",\"@graph\":[{\"@type\":\"Article\",\"@id\":\"https:\/\/www.carideal.com\/blog\/2011\/11\/24\/mercedes-glk-d-occasion-test-essai\/#article\",\"isPartOf\":{\"@id\":\"https:\/\/www.carideal.com\/blog\/2011\/11\/24\/mercedes-glk-d-occasion-test-essai\/\"},\"author\":{\"name\":\"N.S Carideal\",\"@id\":\"https:\/\/www.carideal.com\/blog\/#\/schema\/person\/985c7e757d1042d647f21bfaf8d41ebc\"},\"headline\":\"Avis MERCEDES GLK d&rsquo;occasion\",\"datePublished\":\"2011-11-24T17:59:00+00:00\",\"dateModified\":\"2020-02-04T20:53:43+00:00\",\"mainEntityOfPage\":{\"@id\":\"https:\/\/www.carideal.com\/blog\/2011\/11\/24\/mercedes-glk-d-occasion-test-essai\/\"},\"wordCount\":426,\"commentCount\":0,\"publisher\":{\"@id\":\"https:\/\/www.carideal.com\/blog\/#organization\"},\"image\":{\"@id\":\"https:\/\/www.carideal.com\/blog\/2011\/11\/24\/mercedes-glk-d-occasion-test-essai\/#primaryimage\"},\"thumbnailUrl\":\"https:\/\/www.carideal.com\/blog\/wp-content\/uploads\/2011\/11\/achat-Mercedes-GLK-4x4-suv-carideal-mandataire-auto_m.jpg\",\"articleSection\":[\"Actualit\u00e9 Mercedes\",\"Essai Voiture Occasion\",\"March\u00e9 automobile\",\"SUV\"],\"inLanguage\":\"fr-FR\",\"potentialAction\":[{\"@type\":\"CommentAction\",\"name\":\"Comment\",\"target\":[\"https:\/\/www.carideal.com\/blog\/2011\/11\/24\/mercedes-glk-d-occasion-test-essai\/#respond\"]}]},{\"@type\":\"WebPage\",\"@id\":\"https:\/\/www.carideal.com\/blog\/2011\/11\/24\/mercedes-glk-d-occasion-test-essai\/\",\"url\":\"https:\/\/www.carideal.com\/blog\/2011\/11\/24\/mercedes-glk-d-occasion-test-essai\/\",\"name\":\"Avis MERCEDES GLK d'occasion - Blog auto Carid\u00e9al\",\"isPartOf\":{\"@id\":\"https:\/\/www.carideal.com\/blog\/#website\"},\"primaryImageOfPage\":{\"@id\":\"https:\/\/www.carideal.com\/blog\/2011\/11\/24\/mercedes-glk-d-occasion-test-essai\/#primaryimage\"},\"image\":{\"@id\":\"https:\/\/www.carideal.com\/blog\/2011\/11\/24\/mercedes-glk-d-occasion-test-essai\/#primaryimage\"},\"thumbnailUrl\":\"https:\/\/www.carideal.com\/blog\/wp-content\/uploads\/2011\/11\/achat-Mercedes-GLK-4x4-suv-carideal-mandataire-auto_m.jpg\",\"datePublished\":\"2011-11-24T17:59:00+00:00\",\"dateModified\":\"2020-02-04T20:53:43+00:00\",\"description\":\"Au moins le style int\u00e9rieur du Mercedes GLK d'occasion est \u00e0 l'avenant du style ext\u00e9rieur. Un seul comodo qui fait tout...ou presque...\",\"breadcrumb\":{\"@id\":\"https:\/\/www.carideal.com\/blog\/2011\/11\/24\/mercedes-glk-d-occasion-test-essai\/#breadcrumb\"},\"inLanguage\":\"fr-FR\",\"potentialAction\":[{\"@type\":\"ReadAction\",\"target\":[\"https:\/\/www.carideal.com\/blog\/2011\/11\/24\/mercedes-glk-d-occasion-test-essai\/\"]}]},{\"@type\":\"ImageObject\",\"inLanguage\":\"fr-FR\",\"@id\":\"https:\/\/www.carideal.com\/blog\/2011\/11\/24\/mercedes-glk-d-occasion-test-essai\/#primaryimage\",\"url\":\"https:\/\/www.carideal.com\/blog\/wp-content\/uploads\/2011\/11\/achat-Mercedes-GLK-4x4-suv-carideal-mandataire-auto_m.jpg\",\"contentUrl\":\"https:\/\/www.carideal.com\/blog\/wp-content\/uploads\/2011\/11\/achat-Mercedes-GLK-4x4-suv-carideal-mandataire-auto_m.jpg\",\"width\":448,\"height\":308,\"caption\":\"Mercedes GLK occasion\"},{\"@type\":\"BreadcrumbList\",\"@id\":\"https:\/\/www.carideal.com\/blog\/2011\/11\/24\/mercedes-glk-d-occasion-test-essai\/#breadcrumb\",\"itemListElement\":[{\"@type\":\"ListItem\",\"position\":1,\"name\":\"Blog Carid\u00e9al\",\"item\":\"https:\/\/www.carideal.com\/blog\/\"},{\"@type\":\"ListItem\",\"position\":2,\"name\":\"March\u00e9 automobile\",\"item\":\"https:\/\/www.carideal.com\/blog\/marche-automobile-voiture-neuve-occasion-4x4-suv\/\"},{\"@type\":\"ListItem\",\"position\":3,\"name\":\"Avis MERCEDES GLK d&rsquo;occasion\"}]},{\"@type\":\"WebSite\",\"@id\":\"https:\/\/www.carideal.com\/blog\/#website\",\"url\":\"https:\/\/www.carideal.com\/blog\/\",\"name\":\"Blog auto Carid\u00e9al\",\"description\":\"Actualit\u00e9 auto par des passionn\u00e9s\",\"publisher\":{\"@id\":\"https:\/\/www.carideal.com\/blog\/#organization\"},\"potentialAction\":[{\"@type\":\"SearchAction\",\"target\":{\"@type\":\"EntryPoint\",\"urlTemplate\":\"https:\/\/www.carideal.com\/blog\/?s={search_term_string}\"},\"query-input\":{\"@type\":\"PropertyValueSpecification\",\"valueRequired\":true,\"valueName\":\"search_term_string\"}}],\"inLanguage\":\"fr-FR\"},{\"@type\":\"Organization\",\"@id\":\"https:\/\/www.carideal.com\/blog\/#organization\",\"name\":\"Carideal\",\"url\":\"https:\/\/www.carideal.com\/blog\/\",\"logo\":{\"@type\":\"ImageObject\",\"inLanguage\":\"fr-FR\",\"@id\":\"https:\/\/www.carideal.com\/blog\/#\/schema\/logo\/image\/\",\"url\":\"http:\/\/www.carideal.com\/blog\/wp-content\/uploads\/2016\/03\/logo-carideal-mandataire-automobile.png\",\"contentUrl\":\"http:\/\/www.carideal.com\/blog\/wp-content\/uploads\/2016\/03\/logo-carideal-mandataire-automobile.png\",\"width\":300,\"height\":300,\"caption\":\"Carideal\"},\"image\":{\"@id\":\"https:\/\/www.carideal.com\/blog\/#\/schema\/logo\/image\/\"},\"sameAs\":[\"https:\/\/www.facebook.com\/Carideal.mandataire.automobile\",\"https:\/\/x.com\/caridealauto\",\"https:\/\/www.instagram.com\/carideal1\/\",\"https:\/\/www.linkedin.com\/company\/carideal.com\",\"https:\/\/fr.pinterest.com\/schiavonsas\/\",\"https:\/\/www.youtube.com\/user\/caridealsas\"]},{\"@type\":\"Person\",\"@id\":\"https:\/\/www.carideal.com\/blog\/#\/schema\/person\/985c7e757d1042d647f21bfaf8d41ebc\",\"name\":\"N.S Carideal\",\"image\":{\"@type\":\"ImageObject\",\"inLanguage\":\"fr-FR\",\"@id\":\"https:\/\/www.carideal.com\/blog\/#\/schema\/person\/image\/\",\"url\":\"https:\/\/secure.gravatar.com\/avatar\/edb7ccdf1a4e3d14aef967760d354d0e?s=96&r=g\",\"contentUrl\":\"https:\/\/secure.gravatar.com\/avatar\/edb7ccdf1a4e3d14aef967760d354d0e?s=96&r=g\",\"caption\":\"N.S Carideal\"},\"description\":\"Depuis tout petit fan d'automobile. Il est question d'essayer et de comparer toutes ces voitures qui nous ont fait r\u00e9ver, avant que celles-ci ne devient uniquement des voitures de collection.\",\"sameAs\":[\"http:\/\/www.carideal.com\/blog\",\"https:\/\/www.facebook.com\/Carideal.mandataire.automobile\/\",\"https:\/\/www.linkedin.com\/in\/nschiavon\/\",\"https:\/\/www.youtube.com\/user\/caridealsas\/\"],\"url\":\"https:\/\/www.carideal.com\/blog\/author\/admin_carideal\/\"}]}<\/script>\n<!-- \/ Yoast SEO plugin. -->","yoast_head_json":{"title":"Avis MERCEDES GLK d'occasion - Blog auto Carid\u00e9al","description":"Au moins le style int\u00e9rieur du Mercedes GLK d'occasion est \u00e0 l'avenant du style ext\u00e9rieur. Un seul comodo qui fait tout...ou presque...","robots":{"index":"index","follow":"follow","max-snippet":"max-snippet:-1","max-image-preview":"max-image-preview:large","max-video-preview":"max-video-preview:-1"},"canonical":"https:\/\/www.carideal.com\/blog\/2011\/11\/24\/mercedes-glk-d-occasion-test-essai\/","og_locale":"fr_FR","og_type":"article","og_title":"Avis MERCEDES GLK d'occasion - Blog auto Carid\u00e9al","og_description":"Au moins le style int\u00e9rieur du Mercedes GLK d'occasion est \u00e0 l'avenant du style ext\u00e9rieur. Un seul comodo qui fait tout...ou presque...","og_url":"https:\/\/www.carideal.com\/blog\/2011\/11\/24\/mercedes-glk-d-occasion-test-essai\/","og_site_name":"Blog auto Carid\u00e9al","article_publisher":"https:\/\/www.facebook.com\/Carideal.mandataire.automobile","article_author":"https:\/\/www.facebook.com\/Carideal.mandataire.automobile\/","article_published_time":"2011-11-24T17:59:00+00:00","article_modified_time":"2020-02-04T20:53:43+00:00","og_image":[{"width":448,"height":308,"url":"https:\/\/www.carideal.com\/blog\/wp-content\/uploads\/2011\/11\/achat-Mercedes-GLK-4x4-suv-carideal-mandataire-auto_m.jpg","type":"image\/jpeg"}],"author":"N.S Carideal","twitter_card":"summary_large_image","twitter_creator":"@caridealauto","twitter_site":"@caridealauto","twitter_misc":{"\u00c9crit par":"N.S Carideal","Dur\u00e9e de lecture estim\u00e9e":"2 minutes"},"schema":{"@context":"https:\/\/schema.org","@graph":[{"@type":"Article","@id":"https:\/\/www.carideal.com\/blog\/2011\/11\/24\/mercedes-glk-d-occasion-test-essai\/#article","isPartOf":{"@id":"https:\/\/www.carideal.com\/blog\/2011\/11\/24\/mercedes-glk-d-occasion-test-essai\/"},"author":{"name":"N.S Carideal","@id":"https:\/\/www.carideal.com\/blog\/#\/schema\/person\/985c7e757d1042d647f21bfaf8d41ebc"},"headline":"Avis MERCEDES GLK d&rsquo;occasion","datePublished":"2011-11-24T17:59:00+00:00","dateModified":"2020-02-04T20:53:43+00:00","mainEntityOfPage":{"@id":"https:\/\/www.carideal.com\/blog\/2011\/11\/24\/mercedes-glk-d-occasion-test-essai\/"},"wordCount":426,"commentCount":0,"publisher":{"@id":"https:\/\/www.carideal.com\/blog\/#organization"},"image":{"@id":"https:\/\/www.carideal.com\/blog\/2011\/11\/24\/mercedes-glk-d-occasion-test-essai\/#primaryimage"},"thumbnailUrl":"https:\/\/www.carideal.com\/blog\/wp-content\/uploads\/2011\/11\/achat-Mercedes-GLK-4x4-suv-carideal-mandataire-auto_m.jpg","articleSection":["Actualit\u00e9 Mercedes","Essai Voiture Occasion","March\u00e9 automobile","SUV"],"inLanguage":"fr-FR","potentialAction":[{"@type":"CommentAction","name":"Comment","target":["https:\/\/www.carideal.com\/blog\/2011\/11\/24\/mercedes-glk-d-occasion-test-essai\/#respond"]}]},{"@type":"WebPage","@id":"https:\/\/www.carideal.com\/blog\/2011\/11\/24\/mercedes-glk-d-occasion-test-essai\/","url":"https:\/\/www.carideal.com\/blog\/2011\/11\/24\/mercedes-glk-d-occasion-test-essai\/","name":"Avis MERCEDES GLK d'occasion - Blog auto Carid\u00e9al","isPartOf":{"@id":"https:\/\/www.carideal.com\/blog\/#website"},"primaryImageOfPage":{"@id":"https:\/\/www.carideal.com\/blog\/2011\/11\/24\/mercedes-glk-d-occasion-test-essai\/#primaryimage"},"image":{"@id":"https:\/\/www.carideal.com\/blog\/2011\/11\/24\/mercedes-glk-d-occasion-test-essai\/#primaryimage"},"thumbnailUrl":"https:\/\/www.carideal.com\/blog\/wp-content\/uploads\/2011\/11\/achat-Mercedes-GLK-4x4-suv-carideal-mandataire-auto_m.jpg","datePublished":"2011-11-24T17:59:00+00:00","dateModified":"2020-02-04T20:53:43+00:00","description":"Au moins le style int\u00e9rieur du Mercedes GLK d'occasion est \u00e0 l'avenant du style ext\u00e9rieur. Un seul comodo qui fait tout...ou presque...","breadcrumb":{"@id":"https:\/\/www.carideal.com\/blog\/2011\/11\/24\/mercedes-glk-d-occasion-test-essai\/#breadcrumb"},"inLanguage":"fr-FR","potentialAction":[{"@type":"ReadAction","target":["https:\/\/www.carideal.com\/blog\/2011\/11\/24\/mercedes-glk-d-occasion-test-essai\/"]}]},{"@type":"ImageObject","inLanguage":"fr-FR","@id":"https:\/\/www.carideal.com\/blog\/2011\/11\/24\/mercedes-glk-d-occasion-test-essai\/#primaryimage","url":"https:\/\/www.carideal.com\/blog\/wp-content\/uploads\/2011\/11\/achat-Mercedes-GLK-4x4-suv-carideal-mandataire-auto_m.jpg","contentUrl":"https:\/\/www.carideal.com\/blog\/wp-content\/uploads\/2011\/11\/achat-Mercedes-GLK-4x4-suv-carideal-mandataire-auto_m.jpg","width":448,"height":308,"caption":"Mercedes GLK occasion"},{"@type":"BreadcrumbList","@id":"https:\/\/www.carideal.com\/blog\/2011\/11\/24\/mercedes-glk-d-occasion-test-essai\/#breadcrumb","itemListElement":[{"@type":"ListItem","position":1,"name":"Blog Carid\u00e9al","item":"https:\/\/www.carideal.com\/blog\/"},{"@type":"ListItem","position":2,"name":"March\u00e9 automobile","item":"https:\/\/www.carideal.com\/blog\/marche-automobile-voiture-neuve-occasion-4x4-suv\/"},{"@type":"ListItem","position":3,"name":"Avis MERCEDES GLK d&rsquo;occasion"}]},{"@type":"WebSite","@id":"https:\/\/www.carideal.com\/blog\/#website","url":"https:\/\/www.carideal.com\/blog\/","name":"Blog auto Carid\u00e9al","description":"Actualit\u00e9 auto par des passionn\u00e9s","publisher":{"@id":"https:\/\/www.carideal.com\/blog\/#organization"},"potentialAction":[{"@type":"SearchAction","target":{"@type":"EntryPoint","urlTemplate":"https:\/\/www.carideal.com\/blog\/?s={search_term_string}"},"query-input":{"@type":"PropertyValueSpecification","valueRequired":true,"valueName":"search_term_string"}}],"inLanguage":"fr-FR"},{"@type":"Organization","@id":"https:\/\/www.carideal.com\/blog\/#organization","name":"Carideal","url":"https:\/\/www.carideal.com\/blog\/","logo":{"@type":"ImageObject","inLanguage":"fr-FR","@id":"https:\/\/www.carideal.com\/blog\/#\/schema\/logo\/image\/","url":"http:\/\/www.carideal.com\/blog\/wp-content\/uploads\/2016\/03\/logo-carideal-mandataire-automobile.png","contentUrl":"http:\/\/www.carideal.com\/blog\/wp-content\/uploads\/2016\/03\/logo-carideal-mandataire-automobile.png","width":300,"height":300,"caption":"Carideal"},"image":{"@id":"https:\/\/www.carideal.com\/blog\/#\/schema\/logo\/image\/"},"sameAs":["https:\/\/www.facebook.com\/Carideal.mandataire.automobile","https:\/\/x.com\/caridealauto","https:\/\/www.instagram.com\/carideal1\/","https:\/\/www.linkedin.com\/company\/carideal.com","https:\/\/fr.pinterest.com\/schiavonsas\/","https:\/\/www.youtube.com\/user\/caridealsas"]},{"@type":"Person","@id":"https:\/\/www.carideal.com\/blog\/#\/schema\/person\/985c7e757d1042d647f21bfaf8d41ebc","name":"N.S Carideal","image":{"@type":"ImageObject","inLanguage":"fr-FR","@id":"https:\/\/www.carideal.com\/blog\/#\/schema\/person\/image\/","url":"https:\/\/secure.gravatar.com\/avatar\/edb7ccdf1a4e3d14aef967760d354d0e?s=96&r=g","contentUrl":"https:\/\/secure.gravatar.com\/avatar\/edb7ccdf1a4e3d14aef967760d354d0e?s=96&r=g","caption":"N.S Carideal"},"description":"Depuis tout petit fan d'automobile. Il est question d'essayer et de comparer toutes ces voitures qui nous ont fait r\u00e9ver, avant que celles-ci ne devient uniquement des voitures de collection.","sameAs":["http:\/\/www.carideal.com\/blog","https:\/\/www.facebook.com\/Carideal.mandataire.automobile\/","https:\/\/www.linkedin.com\/in\/nschiavon\/","https:\/\/www.youtube.com\/user\/caridealsas\/"],"url":"https:\/\/www.carideal.com\/blog\/author\/admin_carideal\/"}]}},"uagb_featured_image_src":{"full":["https:\/\/www.carideal.com\/blog\/wp-content\/uploads\/2011\/11\/achat-Mercedes-GLK-4x4-suv-carideal-mandataire-auto_m.jpg",448,308,false],"thumbnail":["https:\/\/www.carideal.com\/blog\/wp-content\/uploads\/2011\/11\/achat-Mercedes-GLK-4x4-suv-carideal-mandataire-auto_m-150x150.jpg",150,150,true],"medium":["https:\/\/www.carideal.com\/blog\/wp-content\/uploads\/2011\/11\/achat-Mercedes-GLK-4x4-suv-carideal-mandataire-auto_m-300x206.jpg",300,206,true],"medium_large":["https:\/\/www.carideal.com\/blog\/wp-content\/uploads\/2011\/11\/achat-Mercedes-GLK-4x4-suv-carideal-mandataire-auto_m.jpg",448,308,false],"large":["https:\/\/www.carideal.com\/blog\/wp-content\/uploads\/2011\/11\/achat-Mercedes-GLK-4x4-suv-carideal-mandataire-auto_m.jpg",448,308,false],"1536x1536":["https:\/\/www.carideal.com\/blog\/wp-content\/uploads\/2011\/11\/achat-Mercedes-GLK-4x4-suv-carideal-mandataire-auto_m.jpg",448,308,false],"2048x2048":["https:\/\/www.carideal.com\/blog\/wp-content\/uploads\/2011\/11\/achat-Mercedes-GLK-4x4-suv-carideal-mandataire-auto_m.jpg",448,308,false],"wppr-widget":["https:\/\/www.carideal.com\/blog\/wp-content\/uploads\/2011\/11\/achat-Mercedes-GLK-4x4-suv-carideal-mandataire-auto_m-50x34.jpg",50,34,true]},"uagb_author_info":{"display_name":"N.S Carideal","author_link":"https:\/\/www.carideal.com\/blog\/author\/admin_carideal\/"},"uagb_comment_info":0,"uagb_excerpt":"Avis Mercedes GLK d'occasion Au moins le style int\u00e9rieur du Mercedes GLK d'occasion est \u00e0 l'avenant du style ext\u00e9rieur. Un seul commodo qui fait tout...ou presque....\u00e7a risque d'\u00eatre compliqu\u00e9 pour les blondes LOL ( c'est peut \u00eatre pour cela qu'il se vend mal... LOL). Ce SUV est clairement plus \u00e0 l'aise sur autoroute que sur\u2026","_links":{"self":[{"href":"https:\/\/www.carideal.com\/blog\/wp-json\/wp\/v2\/posts\/1005"}],"collection":[{"href":"https:\/\/www.carideal.com\/blog\/wp-json\/wp\/v2\/posts"}],"about":[{"href":"https:\/\/www.carideal.com\/blog\/wp-json\/wp\/v2\/types\/post"}],"author":[{"embeddable":true,"href":"https:\/\/www.carideal.com\/blog\/wp-json\/wp\/v2\/users\/1"}],"replies":[{"embeddable":true,"href":"https:\/\/www.carideal.com\/blog\/wp-json\/wp\/v2\/comments?post=1005"}],"version-history":[{"count":0,"href":"https:\/\/www.carideal.com\/blog\/wp-json\/wp\/v2\/posts\/1005\/revisions"}],"wp:featuredmedia":[{"embeddable":true,"href":"https:\/\/www.carideal.com\/blog\/wp-json\/wp\/v2\/media\/21548"}],"wp:attachment":[{"href":"https:\/\/www.carideal.com\/blog\/wp-json\/wp\/v2\/media?parent=1005"}],"wp:term":[{"taxonomy":"category","embeddable":true,"href":"https:\/\/www.carideal.com\/blog\/wp-json\/wp\/v2\/categories?post=1005"},{"taxonomy":"post_tag","embeddable":true,"href":"https:\/\/www.carideal.com\/blog\/wp-json\/wp\/v2\/tags?post=1005"}],"curies":[{"name":"wp","href":"https:\/\/api.w.org\/{rel}","templated":true}]}}