{"id":1004,"date":"2011-11-24T14:48:00","date_gmt":"2011-11-24T14:48:00","guid":{"rendered":"http:\/\/carideal.com\/blog\/?p=1004"},"modified":"2020-03-12T08:26:44","modified_gmt":"2020-03-12T07:26:44","slug":"land-rover-evoque-coupe","status":"publish","type":"post","link":"https:\/\/www.carideal.com\/blog\/2011\/11\/24\/land-rover-evoque-coupe\/","title":{"rendered":"Range Rover Evoque coup\u00e9"},"content":{"rendered":"<h1><strong>Range Rover Evoque coup\u00e9<\/strong><\/h1>\n<p>De la gueule, le Logo <a href=\"http:\/\/www.carideal.com\/blog\/2011\/03\/17\/land-rover-range_e-hybride\/\">Range Rover<\/a> qui en jette trappu (4,36 m)\u00a0: l'Evoque est \u00e0 la mode chez petits SUV premium. <strong>Et pour bien mar\u00adquer sa diff\u00e9rence, Le range Rover Evoque est propos\u00e9 maintenant en version coup\u00e9.<\/strong> Un peu plus basse de 3 cm et plus courte de 1 cm que la version \u00e0 cinq portes, la version coup\u00e9 est vendu 1000 \u20ac de plus, pour une voiture moins pratique: l'espace est plus restreint, l'acc\u00e8s aux places arri\u00e8re est plus compliqu\u00e9. Sur un v\u00e9hicule de ce gabarit de longues portes ne favorise pas leur ouverture dans d'\u00e9troites places de parking.<\/p>\n<p>Tout est fait dans cet Evoque Coup\u00e9, pour rendre la voiture, unique et exclusive. \u00c0 propos d'exclusivit\u00e9....comment justifier, la pr\u00e9sence d'un moteur essence puissant de 240 ch\u00a0? uniquement accoupl\u00e9 \u00e0 une bo\u00eete de vitesse auto\u00admatique \u00e0 six rapports Silencieux certes, puissant, offrant des reprises toniques, et gourmand. On se prend \u00e0 regretter le bruit des anciens V8 Rover.... l'Evoque, p\u00eache par sa mauvaise visibilit\u00e9, soit de 3\/4 avant \u00e0 cause des \u00e9normes r\u00e9troviseurs , ou vers l'arri\u00e8re, la d\u00e9coupe stylistique du toit masquant la vue. 4X4 des villes l'Evoque est tr\u00e8s \u00e0 l'aise sur les routes de campagne gr\u00e2ce \u00e0 son ch\u00e2ssis, et sa transmission int\u00e9grale le rendra \u00e0 l'aise sur les chemins.<\/p>\n<p>Le Range Rover Evoque a d\u00e9moli tous les records de vente de SUV de cette cat\u00e9gorie.<\/p>\n<h3>Avis rapide<\/h3>\n<p>Comment am\u00e9liorer un best-seller ? C'\u00e9tait le probl\u00e8me de Land Rover lorsqu'il s'agissait d'am\u00e9liorer sa success story, la Range Rover Evoque, une voiture qui repr\u00e9sente d\u00e9sormais un tiers des ventes totales de la marque. C'est une proposition \u00e0 la mode, mais n\u00e9anmoins performante, qui a fondamentalement chang\u00e9 le march\u00e9 des SUV compacts premium et qui est particuli\u00e8rement \u00e9l\u00e9gante dans cette forme de coup\u00e9 \u00e0 trois portes.<\/p>\n<h3>Contexte<\/h3>\n<p>Cela fait un demi-si\u00e8cle que la Range Rover a r\u00e9volutionn\u00e9 la transmission int\u00e9gral, une voiture d\u00e9sormais une classe \u00e0 part dans le secteur des 4x4 de luxe. Mais \u00e0 quoi ressemblerait ce mod\u00e8le, propos\u00e9 \u00e0 l'origine uniquement avec trois portes, r\u00e9invent\u00e9 sous une forme plus petite pour des g\u00e9n\u00e9rations tr\u00e8s diff\u00e9rentes ? Un \u00e2ge o\u00f9 la mode et la frugalit\u00e9 sont aussi importantes que la t\u00e9nacit\u00e9 et la traction ? Quelque chose comme \u00e7a, pense-t-on, et le <strong>Range Rover Evoque Coupe<\/strong> fut. Comme toujours, cette voiture a pour objectif de relever un nombre impressionnant de d\u00e9fis et de fournir un espace luxueux pour quatre personnes dans une forme plus courte que celle d\u2019une <a href=\"http:\/\/www.carideal.com\/blog\/2015\/03\/11\/ford-focus-a-la-conquete-du-monde\/\">Ford Focus<\/a>. Avec une maniabilit\u00e9 aussi satisfaisante qu'un coup\u00e9 sport. Et une consommation qui pourrait permettre aux versions respectueuses de l\u2019environnement de rivaliser avec le retour d\u2019une <a href=\"http:\/\/www.carideal.com\/blog\/2018\/03\/18\/meilleures-citadines-polyvalentes-2018\/\">voiture urbaine<\/a>. Tous ces produits doivent \u00eatre livr\u00e9s avec une expertise tout chemin de premier ordre. Dans une voiture juste pour son \u00e9poque. Est-ce tout cela ? Est-ce une vraie voiture? D\u00e9couvrons-le.<\/p>\n<h3>Exp\u00e9rience de conduite<\/h3>\n<p>Les premi\u00e8res impressions sont bonnes. Cette Range Rover Evoque coup\u00e9 est peut-\u00eatre bas\u00e9e sur des fondements emprunt\u00e9s \u00e0 l'ancien mod\u00e8le <a href=\"http:\/\/www.carideal.com\/blog\/2012\/09\/05\/nouveau-land-rover-freelander-2013-en-video\/\">Freelander<\/a>, mais elle se sent tr\u00e8s diff\u00e9rente de la voiture \u00e0 conduire. La sensation plus sportive et plus dynamique de cette conception am\u00e9lior\u00e9e a \u00e9t\u00e9 renforc\u00e9e par le poids plus l\u00e9ger des nouvelles motorisations install\u00e9es sous le capot des variantes diesel. L\u2019unit\u00e9 \u00abIngenium\u00bb de 2,0 litres en question appartient \u00e0 Land Rover et est beaucoup plus raffin\u00e9e et efficace que l\u2019ancien moteur 2,2 litres d\u00e9riv\u00e9e de <a href=\"http:\/\/www.carideal.com\/blog\/marque-de-voiture-actualites-essais\/ford\/\">Ford<\/a>. La marque l\u2019offre en version 150 ch dans les mod\u00e8les d\u2019entr\u00e9e de gamme eD4 \u00e0 deux roues motrices - ou en version 180 ch en d\u00e9riv\u00e9s TD4. Les TD4 sont livr\u00e9s complets avec un syst\u00e8me 4WD permanent \u00abTransmission standard\u00bb, mais les acheteurs se voient \u00e9galement proposer l'option d'une configuration \u00abTransmission active\u00bb. Celle-ci peut basculer intelligemment selon les besoins entre deux et quatre roues motrices. Elle est mont\u00e9e en s\u00e9rie sur le seul mod\u00e8le essence de la gamme, la variante 240 ch Si4. Les acheteurs de Range Rover Evoque Coup\u00e9 Si4 doivent disposer de la bo\u00eete de vitesses automatique \u00e0 9 vitesses intelligente de s\u00e9rie sur le coup\u00e9 TD4. En conduite sur le tarmac, si vous souhaitez utiliser toutes les performances propos\u00e9es, vous remarquerez des r\u00e9actions pr\u00e9cises, assist\u00e9e sur les variantes 4WD par un syst\u00e8me de vectorisation du couple. Non, la tenue de route n\u2019est pas tout \u00e0 fait \u00e0 la hauteur d\u2019une <a href=\"http:\/\/www.carideal.com\/blog\/2018\/02\/03\/meilleures-berlines-hayon-2018\/\">berline classique \u00e0 hayon<\/a>, mais la surprise pour les nouveaux convertis au Range Rover Evoque Coup\u00e9 sera \u00e0 quel point cette Land Rover se rapproche de cette norme. Hors route, cette voiture bat tous ses principaux rivaux par ses prouesses. Un syst\u00e8me Terrain Response vous permet de configurer la voiture pour traverser diff\u00e9rentes types de surfaces.<br \/>\n<iframe loading=\"lazy\" src=\"https:\/\/www.youtube.com\/embed\/gAO8Dv0OZ7k\" width=\"560\" height=\"315\" frameborder=\"0\" allowfullscreen=\"allowfullscreen\"><\/iframe><\/p>\n<h3>Conception et construction<\/h3>\n<p>Peu de voitures parviennent du concept prototype de salon \u00e0 la r\u00e9alit\u00e9 de la production sans \u00eatre trop dilu\u00e9es - mais c\u2019\u00e9tait l\u2019une d\u2019elles. Nous avons tout d\u2019abord vu ce que l\u2019on appelait alors le LRX en 2008 et le mod\u00e8le Evoque qu\u2019il est devenu maintenant est aussi frappant \u00e0 regarder qu\u2019il \u00e9tait \u00e0 l\u2019\u00e9poque, que vous optiez pour la version cinq portes ou la version trois portes Coup\u00e9. En ce qui concerne l'int\u00e9rieur de l'Evoque, si votre exp\u00e9rience de cette voiture se limite \u00e0 un mod\u00e8le ant\u00e9rieur, vous constaterez que l'habitacle de la voiture actuelle est de qualit\u00e9 bien sup\u00e9rieure. Les rev\u00eatements int\u00e9rieurs des portes r\u00e9vis\u00e9s pr\u00e9sentent des accoudoirs profil\u00e9s. Et les instruments que vous voyez \u00e0 travers le volant multifonction \u00e0 trois branches gain\u00e9 de cuir a \u00e9t\u00e9 repens\u00e9 avec des cadrans plus clairs. Les instruments principaux sont toutefois situ\u00e9e au centre du tableau de bord. Enfin, Land Rover a fourni \u00e0 ses acheteurs de gros un \u00e9cran d\u2019infodivertissement de pointe. L'\u00e9cran 8 pouces \u00abInControl Touch\u00bb est clair, facile \u00e0 utiliser et tr\u00e8s informatif. \u00c0 l'arri\u00e8re, les vitres lat\u00e9rales peu profondes procurent un sentiment de \"resserrement\" dans cette variante coup\u00e9, mais globalement, l'espace offert est surprenant si l'on consid\u00e8re la ligne de toit en pente et le fait que cette voiture est plus courte qu'une Ford Focus. . Il y a aussi un coffre de 550 litres.<\/p>\n<h3>March\u00e9 et mod\u00e8le<\/h3>\n<p>Bien qu'en th\u00e9orie, il soit possible de s'acheter un coup\u00e9 Evoque pour un prix d'environ 35 000 \u20ac, en pratique, personne ne le fera jamais. L'achat d'une voiture comme celle-ci n'est pas, apr\u00e8s tout, une chose \u00e0 laquelle vous vous engagez habituellement \u00e0 la l\u00e9g\u00e8re. Non, c\u2019est le genre de mod\u00e8le que vous achetez pour vous r\u00e9compenser et, en tant que tel, vous voudrez probablement que ce Range Rover Evoque Coup\u00e9 soit fait sur mesure, ce qui impliquera bien s\u00fbr une incursion potentiellement co\u00fbteuse dans la liste des options, une fois que vous aurez fait votre choix. des niveaux de finition qui pourraient vous faire payer jusqu\u2019\u00e0 environ 50 000 \u20ac. Utilisez un budget compris entre 38 000 et 40 000 \u20ac et vous obtiendrez probablement la majeure partie de ce que vous voudriez id\u00e9alement. Avec la carrosserie Coup\u00e9, le prix est pratiquement identique \u00e0 celui de la variante \u00e0 cinq portes et la gamme commence avec les mod\u00e8les 2 Roues Motrices eD4 'E-Capability' les plus efficaces, qui b\u00e9n\u00e9ficient d'une version 150 CV du moteur diesel Ingenium 2,0 litres fra\u00eechement d\u00e9velopp\u00e9 pour cet Evoque r\u00e9vis\u00e9. Cependant, la plupart des acheteurs voudront probablement monter en gamme de mod\u00e8le \u00e0 mod\u00e8le de 2 600 \u20ac qui vous permettra d'obtenir la version TD4 de cette voiture, ce qui vous rapportera non seulement le syst\u00e8me de transmission \u00e0 4 roues motrices permanentes qu'un Land Rover est cens\u00e9 avoir, mais \u00e9galement une version 180 ch plus robuste du diesel Ingenium.<\/p>\n<h3>Co\u00fbt \u00e0 l'utilisation \/ Co\u00fbt entretien<\/h3>\n<p>L'un des principaux moteurs du d\u00e9veloppement de ce Range Rover Evoque Coup\u00e9 est l'am\u00e9lioration de l'efficacit\u00e9. Le moteur diesel tout en aluminium permet une \u00e9conomie de carburant allant jusqu'\u00e0 4.15 L\/100 km et une r\u00e9duction des \u00e9missions de dioxyde de carbone de seulement 109 g \/ km en mode traction avant. M\u00eame si vous choisissez le moteur 180 ch plus puissant, elle g\u00e8rera tout de m\u00eame 4.78 L\/100 km avec des \u00e9missions de CO2 de 125 g \/ km. Le diesel d'entr\u00e9e de gamme 150 CV consomme 18% moins de carburant que son pr\u00e9d\u00e9cesseur. C'est un avantage \u00e9norme. Land Rover a inclus un calage variable des soupapes et une s\u00e9rie de technologies \u00e0 faible frottement. Le syst\u00e8me de r\u00e9duction catalytique s\u00e9lective et de recyclage des gaz d'\u00e9chappement \u00e0 basse pression r\u00e9duit consid\u00e9rablement les <a href=\"http:\/\/www.carideal.com\/blog\/2014\/09\/01\/les-emissions-reelles-de-nox-seraient-4-a-5-fois-superieures-a-celles-annoncees\/\">\u00e9missions de NOx<\/a>. M\u00eame le moteur \u00e0 essence 240 CV ne fait pas trop mal sur la consommation, revenant \u00e0 7.84 L\/100km sur le cycle combin\u00e9 avec des \u00e9missions de 181g \/ km. Cela n'a pas chang\u00e9 de l'ancienne voiture cependant. Le Range Rover Evoque Coup\u00e9 adopte \u00e9galement des syst\u00e8mes \u00e9mettant peu de <a href=\"http:\/\/www.carideal.com\/blog\/2015\/09\/20\/le-classement-de-lademe-des-emissions-de-co2-automobile\/\">CO2<\/a>, tels que la direction \u00e0 assistance \u00e9lectrique, et est con\u00e7u pour maximiser la recyclabilit\u00e9 en fin de vie. Avec une demande aussi \u00e9lev\u00e9e et une capacit\u00e9 d'usine nettement limit\u00e9e \u00e0 l'usine de Halewood, les valeurs r\u00e9siduelles sont rest\u00e9es tr\u00e8s fortes. L\u2019<a href=\"http:\/\/www.carideal.com\/blog\/2012\/12\/05\/audi-q5\/\">Audi Q5<\/a> a tellement peu de poids en ce qui concerne les valeurs r\u00e9siduelles qu\u2019une <a href=\"http:\/\/www.carideal.com\/blog\/marque-de-voiture-actualites-essais\/audi\/\">Audi<\/a> comparable co\u00fbte plus de 20% \u00e0 l'utilisation sur une dur\u00e9e de propri\u00e9t\u00e9 type de trois ans.<\/p>\n<h2>R\u00e9sum\u00e9<\/h2>\n<p>En r\u00e9sum\u00e9, le Range Rover Evoque Coup\u00e9 est maintenant encore plus facile \u00e0 recommander qu\u2019avant. Il s'agit de la seule voiture du segment des <strong>SUV compacts premium<\/strong> pouvant s\u00e9duire les acheteurs de style de vie qui ne recherchent pas n\u00e9cessairement un SUV compact premium - et cela en dit long. Si vous \u00eates \u00e0 la recherche de quelque chose de ce genre, si vous n'avez besoin que de trois portes, que vous pouvez mettre le prix demand\u00e9 et que vous pouvez vous permettre de ne pas accorder trop d'importance \u00e0 l'aspect pratique, vous ne serez pas d\u00e9\u00e7u. C'est tout simplement la classe du tout terrain.<\/p>\n","protected":false},"excerpt":{"rendered":"<p>Range Rover Evoque coup\u00e9 De la gueule, le Logo Range Rover qui en jette trappu (4,36 m)\u00a0: l&rsquo;Evoque est \u00e0 la mode chez petits SUV premium. Et pour bien mar\u00adquer sa diff\u00e9rence, Le range Rover Evoque est propos\u00e9 maintenant en version coup\u00e9. Un peu plus basse de 3 cm et plus courte de 1 cm &#8230; <a title=\"Range Rover Evoque coup\u00e9\" class=\"read-more\" href=\"https:\/\/www.carideal.com\/blog\/2011\/11\/24\/land-rover-evoque-coupe\/\" aria-label=\"En savoir plus sur Range Rover Evoque coup\u00e9\">Lire plus<\/a><\/p>\n","protected":false},"author":3,"featured_media":17949,"comment_status":"open","ping_status":"open","sticky":false,"template":"","format":"standard","meta":{"_uag_custom_page_level_css":"","_themeisle_gutenberg_block_has_review":false,"footnotes":""},"categories":[5944,6095,6020,10,6010,5974],"tags":[5813,6184],"class_list":["post-1004","post","type-post","status-publish","format-standard","has-post-thumbnail","hentry","category-constructeur","category-land-rover","category-coupes","category-marche-automobile-voiture-neuve-occasion-4x4-suv","category-suv","category-type-de-vehicule","tag-meilleur-site","tag-meilleur-voiture"],"wppr_data":{"cwp_meta_box_check":"No"},"yoast_head":"<!-- This site is optimized with the Yoast SEO plugin v24.8.1 - https:\/\/yoast.com\/wordpress\/plugins\/seo\/ -->\n<title>Range Rover Evoque coup\u00e9 - Blog auto Carid\u00e9al<\/title>\n<meta name=\"description\" content=\"Comment faire \u00e9voluer un mod\u00e8lle qui est le Best seller de land Rover ? Le roi des SUV compacts premium ? En inventant une version Range Rover Evoque Coup\u00e9 \u00e0 l&#039;Evoque !\" \/>\n<meta name=\"robots\" content=\"index, follow, max-snippet:-1, max-image-preview:large, max-video-preview:-1\" \/>\n<link rel=\"canonical\" href=\"https:\/\/www.carideal.com\/blog\/2011\/11\/24\/land-rover-evoque-coupe\/\" \/>\n<meta property=\"og:locale\" content=\"fr_FR\" \/>\n<meta property=\"og:type\" content=\"article\" \/>\n<meta property=\"og:title\" content=\"Range Rover Evoque coup\u00e9 - Blog auto Carid\u00e9al\" \/>\n<meta property=\"og:description\" content=\"Comment faire \u00e9voluer un mod\u00e8lle qui est le Best seller de land Rover ? Le roi des SUV compacts premium ? En inventant une version Range Rover Evoque Coup\u00e9 \u00e0 l&#039;Evoque !\" \/>\n<meta property=\"og:url\" content=\"https:\/\/www.carideal.com\/blog\/2011\/11\/24\/land-rover-evoque-coupe\/\" \/>\n<meta property=\"og:site_name\" content=\"Blog auto Carid\u00e9al\" \/>\n<meta property=\"article:publisher\" content=\"https:\/\/www.facebook.com\/Carideal.mandataire.automobile\" \/>\n<meta property=\"article:author\" content=\"https:\/\/www.facebook.com\/nicolas.schiavon.39\" \/>\n<meta property=\"article:published_time\" content=\"2011-11-24T14:48:00+00:00\" \/>\n<meta property=\"article:modified_time\" content=\"2020-03-12T07:26:44+00:00\" \/>\n<meta property=\"og:image\" content=\"https:\/\/www.carideal.com\/blog\/wp-content\/uploads\/2011\/11\/Land_Rover_Range_Rover_Evoque_achat-carideal-mandataire-auto_m.jpg\" \/>\n\t<meta property=\"og:image:width\" content=\"448\" \/>\n\t<meta property=\"og:image:height\" content=\"298\" \/>\n\t<meta property=\"og:image:type\" content=\"image\/jpeg\" \/>\n<meta name=\"author\" content=\"Nicolas SCHIAVON\" \/>\n<meta name=\"twitter:card\" content=\"summary_large_image\" \/>\n<meta name=\"twitter:creator\" content=\"@caridealauto\" \/>\n<meta name=\"twitter:site\" content=\"@caridealauto\" \/>\n<meta name=\"twitter:label1\" content=\"\u00c9crit par\" \/>\n\t<meta name=\"twitter:data1\" content=\"Nicolas SCHIAVON\" \/>\n\t<meta name=\"twitter:label2\" content=\"Dur\u00e9e de lecture estim\u00e9e\" \/>\n\t<meta name=\"twitter:data2\" content=\"8 minutes\" \/>\n<script type=\"application\/ld+json\" class=\"yoast-schema-graph\">{\"@context\":\"https:\/\/schema.org\",\"@graph\":[{\"@type\":\"Article\",\"@id\":\"https:\/\/www.carideal.com\/blog\/2011\/11\/24\/land-rover-evoque-coupe\/#article\",\"isPartOf\":{\"@id\":\"https:\/\/www.carideal.com\/blog\/2011\/11\/24\/land-rover-evoque-coupe\/\"},\"author\":{\"name\":\"Nicolas SCHIAVON\",\"@id\":\"https:\/\/www.carideal.com\/blog\/#\/schema\/person\/cd95dc7919660de90d31b366f85be1ec\"},\"headline\":\"Range Rover Evoque coup\u00e9\",\"datePublished\":\"2011-11-24T14:48:00+00:00\",\"dateModified\":\"2020-03-12T07:26:44+00:00\",\"mainEntityOfPage\":{\"@id\":\"https:\/\/www.carideal.com\/blog\/2011\/11\/24\/land-rover-evoque-coupe\/\"},\"wordCount\":1697,\"commentCount\":0,\"publisher\":{\"@id\":\"https:\/\/www.carideal.com\/blog\/#organization\"},\"image\":{\"@id\":\"https:\/\/www.carideal.com\/blog\/2011\/11\/24\/land-rover-evoque-coupe\/#primaryimage\"},\"thumbnailUrl\":\"https:\/\/www.carideal.com\/blog\/wp-content\/uploads\/2011\/11\/Land_Rover_Range_Rover_Evoque_achat-carideal-mandataire-auto_m.jpg\",\"keywords\":[\"Meilleur SUV\",\"Meilleure voiture\"],\"articleSection\":[\"Actualit\u00e9 Constructeur automobile\",\"Actualit\u00e9 Land Rover\",\"Coup\u00e9\",\"March\u00e9 automobile\",\"SUV\",\"Type de v\u00e9hicule\"],\"inLanguage\":\"fr-FR\",\"potentialAction\":[{\"@type\":\"CommentAction\",\"name\":\"Comment\",\"target\":[\"https:\/\/www.carideal.com\/blog\/2011\/11\/24\/land-rover-evoque-coupe\/#respond\"]}]},{\"@type\":\"WebPage\",\"@id\":\"https:\/\/www.carideal.com\/blog\/2011\/11\/24\/land-rover-evoque-coupe\/\",\"url\":\"https:\/\/www.carideal.com\/blog\/2011\/11\/24\/land-rover-evoque-coupe\/\",\"name\":\"Range Rover Evoque coup\u00e9 - Blog auto Carid\u00e9al\",\"isPartOf\":{\"@id\":\"https:\/\/www.carideal.com\/blog\/#website\"},\"primaryImageOfPage\":{\"@id\":\"https:\/\/www.carideal.com\/blog\/2011\/11\/24\/land-rover-evoque-coupe\/#primaryimage\"},\"image\":{\"@id\":\"https:\/\/www.carideal.com\/blog\/2011\/11\/24\/land-rover-evoque-coupe\/#primaryimage\"},\"thumbnailUrl\":\"https:\/\/www.carideal.com\/blog\/wp-content\/uploads\/2011\/11\/Land_Rover_Range_Rover_Evoque_achat-carideal-mandataire-auto_m.jpg\",\"datePublished\":\"2011-11-24T14:48:00+00:00\",\"dateModified\":\"2020-03-12T07:26:44+00:00\",\"description\":\"Comment faire \u00e9voluer un mod\u00e8lle qui est le Best seller de land Rover ? Le roi des SUV compacts premium ? En inventant une version Range Rover Evoque Coup\u00e9 \u00e0 l'Evoque !\",\"breadcrumb\":{\"@id\":\"https:\/\/www.carideal.com\/blog\/2011\/11\/24\/land-rover-evoque-coupe\/#breadcrumb\"},\"inLanguage\":\"fr-FR\",\"potentialAction\":[{\"@type\":\"ReadAction\",\"target\":[\"https:\/\/www.carideal.com\/blog\/2011\/11\/24\/land-rover-evoque-coupe\/\"]}]},{\"@type\":\"ImageObject\",\"inLanguage\":\"fr-FR\",\"@id\":\"https:\/\/www.carideal.com\/blog\/2011\/11\/24\/land-rover-evoque-coupe\/#primaryimage\",\"url\":\"https:\/\/www.carideal.com\/blog\/wp-content\/uploads\/2011\/11\/Land_Rover_Range_Rover_Evoque_achat-carideal-mandataire-auto_m.jpg\",\"contentUrl\":\"https:\/\/www.carideal.com\/blog\/wp-content\/uploads\/2011\/11\/Land_Rover_Range_Rover_Evoque_achat-carideal-mandataire-auto_m.jpg\",\"width\":448,\"height\":298,\"caption\":\"Land Rover Evoque coup\u00e9\"},{\"@type\":\"BreadcrumbList\",\"@id\":\"https:\/\/www.carideal.com\/blog\/2011\/11\/24\/land-rover-evoque-coupe\/#breadcrumb\",\"itemListElement\":[{\"@type\":\"ListItem\",\"position\":1,\"name\":\"Blog Carid\u00e9al\",\"item\":\"https:\/\/www.carideal.com\/blog\/\"},{\"@type\":\"ListItem\",\"position\":2,\"name\":\"Actualit\u00e9 constructeur automobile\",\"item\":\"https:\/\/www.carideal.com\/blog\/constructeur\/\"},{\"@type\":\"ListItem\",\"position\":3,\"name\":\"Actualit\u00e9 Land Rover\",\"item\":\"https:\/\/www.carideal.com\/blog\/constructeur\/land-rover\/\"},{\"@type\":\"ListItem\",\"position\":4,\"name\":\"Range Rover Evoque coup\u00e9\"}]},{\"@type\":\"WebSite\",\"@id\":\"https:\/\/www.carideal.com\/blog\/#website\",\"url\":\"https:\/\/www.carideal.com\/blog\/\",\"name\":\"Blog auto Carid\u00e9al\",\"description\":\"Actualit\u00e9 auto par des passionn\u00e9s\",\"publisher\":{\"@id\":\"https:\/\/www.carideal.com\/blog\/#organization\"},\"potentialAction\":[{\"@type\":\"SearchAction\",\"target\":{\"@type\":\"EntryPoint\",\"urlTemplate\":\"https:\/\/www.carideal.com\/blog\/?s={search_term_string}\"},\"query-input\":{\"@type\":\"PropertyValueSpecification\",\"valueRequired\":true,\"valueName\":\"search_term_string\"}}],\"inLanguage\":\"fr-FR\"},{\"@type\":\"Organization\",\"@id\":\"https:\/\/www.carideal.com\/blog\/#organization\",\"name\":\"Carideal\",\"url\":\"https:\/\/www.carideal.com\/blog\/\",\"logo\":{\"@type\":\"ImageObject\",\"inLanguage\":\"fr-FR\",\"@id\":\"https:\/\/www.carideal.com\/blog\/#\/schema\/logo\/image\/\",\"url\":\"http:\/\/www.carideal.com\/blog\/wp-content\/uploads\/2016\/03\/logo-carideal-mandataire-automobile.png\",\"contentUrl\":\"http:\/\/www.carideal.com\/blog\/wp-content\/uploads\/2016\/03\/logo-carideal-mandataire-automobile.png\",\"width\":300,\"height\":300,\"caption\":\"Carideal\"},\"image\":{\"@id\":\"https:\/\/www.carideal.com\/blog\/#\/schema\/logo\/image\/\"},\"sameAs\":[\"https:\/\/www.facebook.com\/Carideal.mandataire.automobile\",\"https:\/\/x.com\/caridealauto\",\"https:\/\/www.instagram.com\/carideal1\/\",\"https:\/\/www.linkedin.com\/company\/carideal.com\",\"https:\/\/fr.pinterest.com\/schiavonsas\/\",\"https:\/\/www.youtube.com\/user\/caridealsas\"]},{\"@type\":\"Person\",\"@id\":\"https:\/\/www.carideal.com\/blog\/#\/schema\/person\/cd95dc7919660de90d31b366f85be1ec\",\"name\":\"Nicolas SCHIAVON\",\"image\":{\"@type\":\"ImageObject\",\"inLanguage\":\"fr-FR\",\"@id\":\"https:\/\/www.carideal.com\/blog\/#\/schema\/person\/image\/\",\"url\":\"https:\/\/secure.gravatar.com\/avatar\/c17e55009e671d92cc7f5dc837dc418a?s=96&r=g\",\"contentUrl\":\"https:\/\/secure.gravatar.com\/avatar\/c17e55009e671d92cc7f5dc837dc418a?s=96&r=g\",\"caption\":\"Nicolas SCHIAVON\"},\"description\":\"Nicolas Schiavon est tomb\u00e9 tout petit dans la marmite automobile. Ayant eu un garage de marque automobile, mandataire automobile de la premi\u00e8re heure d\u00e8s 1999. Nicolas a cr\u00e9\u00e9 ces premiers sites de vente de voiture et blog automobile d\u00e8s 1994. Carideal est n\u00e9 le 15 d\u00e9cembre 2000 de la volont\u00e9 de vendre des voitures d'occasions en ligne puis des voitures neuves. Il a pu essayer beaucoup de voitures tr\u00e8s diff\u00e9rentes et ayant eu personnellement quelques belles autos, Subaru Impreza, Mitsubishi Lancer Evo 7, Porsche 911, Ferrari Testarrossa, Audi RS3, RS4 et j'en passe...\",\"sameAs\":[\"http:\/\/www.carideal.com\",\"https:\/\/www.facebook.com\/nicolas.schiavon.39\",\"https:\/\/www.instagram.com\/carideal1\/\",\"https:\/\/www.linkedin.com\/in\/nschiavon\/\",\"https:\/\/x.com\/caridealauto\",\"https:\/\/www.youtube.com\/user\/caridealsas\/\"],\"url\":\"https:\/\/www.carideal.com\/blog\/author\/nschiavon\/\"}]}<\/script>\n<!-- \/ Yoast SEO plugin. -->","yoast_head_json":{"title":"Range Rover Evoque coup\u00e9 - Blog auto Carid\u00e9al","description":"Comment faire \u00e9voluer un mod\u00e8lle qui est le Best seller de land Rover ? Le roi des SUV compacts premium ? En inventant une version Range Rover Evoque Coup\u00e9 \u00e0 l'Evoque !","robots":{"index":"index","follow":"follow","max-snippet":"max-snippet:-1","max-image-preview":"max-image-preview:large","max-video-preview":"max-video-preview:-1"},"canonical":"https:\/\/www.carideal.com\/blog\/2011\/11\/24\/land-rover-evoque-coupe\/","og_locale":"fr_FR","og_type":"article","og_title":"Range Rover Evoque coup\u00e9 - Blog auto Carid\u00e9al","og_description":"Comment faire \u00e9voluer un mod\u00e8lle qui est le Best seller de land Rover ? Le roi des SUV compacts premium ? En inventant une version Range Rover Evoque Coup\u00e9 \u00e0 l'Evoque !","og_url":"https:\/\/www.carideal.com\/blog\/2011\/11\/24\/land-rover-evoque-coupe\/","og_site_name":"Blog auto Carid\u00e9al","article_publisher":"https:\/\/www.facebook.com\/Carideal.mandataire.automobile","article_author":"https:\/\/www.facebook.com\/nicolas.schiavon.39","article_published_time":"2011-11-24T14:48:00+00:00","article_modified_time":"2020-03-12T07:26:44+00:00","og_image":[{"width":448,"height":298,"url":"https:\/\/www.carideal.com\/blog\/wp-content\/uploads\/2011\/11\/Land_Rover_Range_Rover_Evoque_achat-carideal-mandataire-auto_m.jpg","type":"image\/jpeg"}],"author":"Nicolas SCHIAVON","twitter_card":"summary_large_image","twitter_creator":"@caridealauto","twitter_site":"@caridealauto","twitter_misc":{"\u00c9crit par":"Nicolas SCHIAVON","Dur\u00e9e de lecture estim\u00e9e":"8 minutes"},"schema":{"@context":"https:\/\/schema.org","@graph":[{"@type":"Article","@id":"https:\/\/www.carideal.com\/blog\/2011\/11\/24\/land-rover-evoque-coupe\/#article","isPartOf":{"@id":"https:\/\/www.carideal.com\/blog\/2011\/11\/24\/land-rover-evoque-coupe\/"},"author":{"name":"Nicolas SCHIAVON","@id":"https:\/\/www.carideal.com\/blog\/#\/schema\/person\/cd95dc7919660de90d31b366f85be1ec"},"headline":"Range Rover Evoque coup\u00e9","datePublished":"2011-11-24T14:48:00+00:00","dateModified":"2020-03-12T07:26:44+00:00","mainEntityOfPage":{"@id":"https:\/\/www.carideal.com\/blog\/2011\/11\/24\/land-rover-evoque-coupe\/"},"wordCount":1697,"commentCount":0,"publisher":{"@id":"https:\/\/www.carideal.com\/blog\/#organization"},"image":{"@id":"https:\/\/www.carideal.com\/blog\/2011\/11\/24\/land-rover-evoque-coupe\/#primaryimage"},"thumbnailUrl":"https:\/\/www.carideal.com\/blog\/wp-content\/uploads\/2011\/11\/Land_Rover_Range_Rover_Evoque_achat-carideal-mandataire-auto_m.jpg","keywords":["Meilleur SUV","Meilleure voiture"],"articleSection":["Actualit\u00e9 Constructeur automobile","Actualit\u00e9 Land Rover","Coup\u00e9","March\u00e9 automobile","SUV","Type de v\u00e9hicule"],"inLanguage":"fr-FR","potentialAction":[{"@type":"CommentAction","name":"Comment","target":["https:\/\/www.carideal.com\/blog\/2011\/11\/24\/land-rover-evoque-coupe\/#respond"]}]},{"@type":"WebPage","@id":"https:\/\/www.carideal.com\/blog\/2011\/11\/24\/land-rover-evoque-coupe\/","url":"https:\/\/www.carideal.com\/blog\/2011\/11\/24\/land-rover-evoque-coupe\/","name":"Range Rover Evoque coup\u00e9 - Blog auto Carid\u00e9al","isPartOf":{"@id":"https:\/\/www.carideal.com\/blog\/#website"},"primaryImageOfPage":{"@id":"https:\/\/www.carideal.com\/blog\/2011\/11\/24\/land-rover-evoque-coupe\/#primaryimage"},"image":{"@id":"https:\/\/www.carideal.com\/blog\/2011\/11\/24\/land-rover-evoque-coupe\/#primaryimage"},"thumbnailUrl":"https:\/\/www.carideal.com\/blog\/wp-content\/uploads\/2011\/11\/Land_Rover_Range_Rover_Evoque_achat-carideal-mandataire-auto_m.jpg","datePublished":"2011-11-24T14:48:00+00:00","dateModified":"2020-03-12T07:26:44+00:00","description":"Comment faire \u00e9voluer un mod\u00e8lle qui est le Best seller de land Rover ? Le roi des SUV compacts premium ? En inventant une version Range Rover Evoque Coup\u00e9 \u00e0 l'Evoque !","breadcrumb":{"@id":"https:\/\/www.carideal.com\/blog\/2011\/11\/24\/land-rover-evoque-coupe\/#breadcrumb"},"inLanguage":"fr-FR","potentialAction":[{"@type":"ReadAction","target":["https:\/\/www.carideal.com\/blog\/2011\/11\/24\/land-rover-evoque-coupe\/"]}]},{"@type":"ImageObject","inLanguage":"fr-FR","@id":"https:\/\/www.carideal.com\/blog\/2011\/11\/24\/land-rover-evoque-coupe\/#primaryimage","url":"https:\/\/www.carideal.com\/blog\/wp-content\/uploads\/2011\/11\/Land_Rover_Range_Rover_Evoque_achat-carideal-mandataire-auto_m.jpg","contentUrl":"https:\/\/www.carideal.com\/blog\/wp-content\/uploads\/2011\/11\/Land_Rover_Range_Rover_Evoque_achat-carideal-mandataire-auto_m.jpg","width":448,"height":298,"caption":"Land Rover Evoque coup\u00e9"},{"@type":"BreadcrumbList","@id":"https:\/\/www.carideal.com\/blog\/2011\/11\/24\/land-rover-evoque-coupe\/#breadcrumb","itemListElement":[{"@type":"ListItem","position":1,"name":"Blog Carid\u00e9al","item":"https:\/\/www.carideal.com\/blog\/"},{"@type":"ListItem","position":2,"name":"Actualit\u00e9 constructeur automobile","item":"https:\/\/www.carideal.com\/blog\/constructeur\/"},{"@type":"ListItem","position":3,"name":"Actualit\u00e9 Land Rover","item":"https:\/\/www.carideal.com\/blog\/constructeur\/land-rover\/"},{"@type":"ListItem","position":4,"name":"Range Rover Evoque coup\u00e9"}]},{"@type":"WebSite","@id":"https:\/\/www.carideal.com\/blog\/#website","url":"https:\/\/www.carideal.com\/blog\/","name":"Blog auto Carid\u00e9al","description":"Actualit\u00e9 auto par des passionn\u00e9s","publisher":{"@id":"https:\/\/www.carideal.com\/blog\/#organization"},"potentialAction":[{"@type":"SearchAction","target":{"@type":"EntryPoint","urlTemplate":"https:\/\/www.carideal.com\/blog\/?s={search_term_string}"},"query-input":{"@type":"PropertyValueSpecification","valueRequired":true,"valueName":"search_term_string"}}],"inLanguage":"fr-FR"},{"@type":"Organization","@id":"https:\/\/www.carideal.com\/blog\/#organization","name":"Carideal","url":"https:\/\/www.carideal.com\/blog\/","logo":{"@type":"ImageObject","inLanguage":"fr-FR","@id":"https:\/\/www.carideal.com\/blog\/#\/schema\/logo\/image\/","url":"http:\/\/www.carideal.com\/blog\/wp-content\/uploads\/2016\/03\/logo-carideal-mandataire-automobile.png","contentUrl":"http:\/\/www.carideal.com\/blog\/wp-content\/uploads\/2016\/03\/logo-carideal-mandataire-automobile.png","width":300,"height":300,"caption":"Carideal"},"image":{"@id":"https:\/\/www.carideal.com\/blog\/#\/schema\/logo\/image\/"},"sameAs":["https:\/\/www.facebook.com\/Carideal.mandataire.automobile","https:\/\/x.com\/caridealauto","https:\/\/www.instagram.com\/carideal1\/","https:\/\/www.linkedin.com\/company\/carideal.com","https:\/\/fr.pinterest.com\/schiavonsas\/","https:\/\/www.youtube.com\/user\/caridealsas"]},{"@type":"Person","@id":"https:\/\/www.carideal.com\/blog\/#\/schema\/person\/cd95dc7919660de90d31b366f85be1ec","name":"Nicolas SCHIAVON","image":{"@type":"ImageObject","inLanguage":"fr-FR","@id":"https:\/\/www.carideal.com\/blog\/#\/schema\/person\/image\/","url":"https:\/\/secure.gravatar.com\/avatar\/c17e55009e671d92cc7f5dc837dc418a?s=96&r=g","contentUrl":"https:\/\/secure.gravatar.com\/avatar\/c17e55009e671d92cc7f5dc837dc418a?s=96&r=g","caption":"Nicolas SCHIAVON"},"description":"Nicolas Schiavon est tomb\u00e9 tout petit dans la marmite automobile. Ayant eu un garage de marque automobile, mandataire automobile de la premi\u00e8re heure d\u00e8s 1999. Nicolas a cr\u00e9\u00e9 ces premiers sites de vente de voiture et blog automobile d\u00e8s 1994. Carideal est n\u00e9 le 15 d\u00e9cembre 2000 de la volont\u00e9 de vendre des voitures d'occasions en ligne puis des voitures neuves. Il a pu essayer beaucoup de voitures tr\u00e8s diff\u00e9rentes et ayant eu personnellement quelques belles autos, Subaru Impreza, Mitsubishi Lancer Evo 7, Porsche 911, Ferrari Testarrossa, Audi RS3, RS4 et j'en passe...","sameAs":["http:\/\/www.carideal.com","https:\/\/www.facebook.com\/nicolas.schiavon.39","https:\/\/www.instagram.com\/carideal1\/","https:\/\/www.linkedin.com\/in\/nschiavon\/","https:\/\/x.com\/caridealauto","https:\/\/www.youtube.com\/user\/caridealsas\/"],"url":"https:\/\/www.carideal.com\/blog\/author\/nschiavon\/"}]}},"uagb_featured_image_src":{"full":["https:\/\/www.carideal.com\/blog\/wp-content\/uploads\/2011\/11\/Land_Rover_Range_Rover_Evoque_achat-carideal-mandataire-auto_m.jpg",448,298,false],"thumbnail":["https:\/\/www.carideal.com\/blog\/wp-content\/uploads\/2011\/11\/Land_Rover_Range_Rover_Evoque_achat-carideal-mandataire-auto_m-150x150.jpg",150,150,true],"medium":["https:\/\/www.carideal.com\/blog\/wp-content\/uploads\/2011\/11\/Land_Rover_Range_Rover_Evoque_achat-carideal-mandataire-auto_m-300x200.jpg",300,200,true],"medium_large":["https:\/\/www.carideal.com\/blog\/wp-content\/uploads\/2011\/11\/Land_Rover_Range_Rover_Evoque_achat-carideal-mandataire-auto_m.jpg",448,298,false],"large":["https:\/\/www.carideal.com\/blog\/wp-content\/uploads\/2011\/11\/Land_Rover_Range_Rover_Evoque_achat-carideal-mandataire-auto_m.jpg",448,298,false],"1536x1536":["https:\/\/www.carideal.com\/blog\/wp-content\/uploads\/2011\/11\/Land_Rover_Range_Rover_Evoque_achat-carideal-mandataire-auto_m.jpg",448,298,false],"2048x2048":["https:\/\/www.carideal.com\/blog\/wp-content\/uploads\/2011\/11\/Land_Rover_Range_Rover_Evoque_achat-carideal-mandataire-auto_m.jpg",448,298,false],"wppr-widget":["https:\/\/www.carideal.com\/blog\/wp-content\/uploads\/2011\/11\/Land_Rover_Range_Rover_Evoque_achat-carideal-mandataire-auto_m-50x33.jpg",50,33,true]},"uagb_author_info":{"display_name":"Nicolas SCHIAVON","author_link":"https:\/\/www.carideal.com\/blog\/author\/nschiavon\/"},"uagb_comment_info":3,"uagb_excerpt":"Range Rover Evoque coup\u00e9 De la gueule, le Logo Range Rover qui en jette trappu (4,36 m)\u00a0: l'Evoque est \u00e0 la mode chez petits SUV premium. Et pour bien mar\u00adquer sa diff\u00e9rence, Le range Rover Evoque est propos\u00e9 maintenant en version coup\u00e9. Un peu plus basse de 3 cm et plus courte de 1 cm\u2026","_links":{"self":[{"href":"https:\/\/www.carideal.com\/blog\/wp-json\/wp\/v2\/posts\/1004"}],"collection":[{"href":"https:\/\/www.carideal.com\/blog\/wp-json\/wp\/v2\/posts"}],"about":[{"href":"https:\/\/www.carideal.com\/blog\/wp-json\/wp\/v2\/types\/post"}],"author":[{"embeddable":true,"href":"https:\/\/www.carideal.com\/blog\/wp-json\/wp\/v2\/users\/3"}],"replies":[{"embeddable":true,"href":"https:\/\/www.carideal.com\/blog\/wp-json\/wp\/v2\/comments?post=1004"}],"version-history":[{"count":0,"href":"https:\/\/www.carideal.com\/blog\/wp-json\/wp\/v2\/posts\/1004\/revisions"}],"wp:featuredmedia":[{"embeddable":true,"href":"https:\/\/www.carideal.com\/blog\/wp-json\/wp\/v2\/media\/17949"}],"wp:attachment":[{"href":"https:\/\/www.carideal.com\/blog\/wp-json\/wp\/v2\/media?parent=1004"}],"wp:term":[{"taxonomy":"category","embeddable":true,"href":"https:\/\/www.carideal.com\/blog\/wp-json\/wp\/v2\/categories?post=1004"},{"taxonomy":"post_tag","embeddable":true,"href":"https:\/\/www.carideal.com\/blog\/wp-json\/wp\/v2\/tags?post=1004"}],"curies":[{"name":"wp","href":"https:\/\/api.w.org\/{rel}","templated":true}]}}