{"id":1001,"date":"2011-08-31T15:57:00","date_gmt":"2011-08-31T15:57:00","guid":{"rendered":"http:\/\/carideal.com\/blog\/?p=1001"},"modified":"2011-08-31T15:57:00","modified_gmt":"2011-08-31T15:57:00","slug":"la-porsche-panamera-passe-au-diesel","status":"publish","type":"post","link":"https:\/\/www.carideal.com\/blog\/2011\/08\/31\/la-porsche-panamera-passe-au-diesel\/","title":{"rendered":"La Porsche Panamera passe au Diesel"},"content":{"rendered":"<p><img decoding=\"async\" src=\"\/blog\/public\/.Porsche_Panamera_Diesel_achat_carideal_mandataire_automobile-1_m.jpg\" alt=\"Porsche_Panamera_Diesel_achat_carideal_mandataire_automobile-1.jpg\" title=\"Porsche_Panamera_Diesel_achat_carideal_mandataire_automobile-1.jpg, ao\u00fbt 2011\" \/><\/p>\n<blockquote>\n<p>Porsche Panamera diesel<\/p>\n<\/blockquote>\n<p>La Porsche Panamera vient se mesurer \u00e0 la concurrence des <a href=\"\/blog\/index.php?tag\/Audi\">Audi<\/a> <a href=\"\/blog\/index.php?tag\/A7\">A7<\/a> <a href=\"\/blog\/index.php?tag\/Sportback\">Sportback<\/a> quattro et Mercedes CLS 350. Porsche ne pouvait ignorer plus longtemps les tendances du march\u00e9 surtout pour cette gamme de voiture et a donc emprunt\u00e9 \u00e0 Volkswagen son V6 TDI de 250 ch. Bien sur ce moteur n'a plus rien \u00e0 voir avec les moteurs sportifs essences, mais n\u00e9anmoins Porsche apporte ici son cot\u00e9 exclusif et luxueux.<br \/>\nOn reconnait quand m\u00eame la sonorit\u00e9 d'un moteur diesel mais \u00e0 l'int\u00e9rieur, rien pas une vibration, et la boite tiptronic \u00e0 8 vitesses fait merveille uniquement sur les roues arri\u00e8res malheureusement. On pourra prendre en option le syst\u00e8me <a href=\"\/blog\/index.php?tag\/PASM\">PASM<\/a> et la suspension pneumatique adaptative \u00e0 3516 \u20ac.<br \/>\nLe V6 prends ais\u00e9ment 5000 tr\/min et permet \u00e0 la belle de Stuttgart d'atteindre 242 km\/h et mettra 6.8 sec pour passer de 0 \u00e0 100 km\/h. Porsche promet d'atteindre les 6.3 L\/100 km pour 167 g de CO2 au km, mais on s'attend plus raisonnablement \u00e0 du 10L\/100 km.<br \/>\n<img decoding=\"async\" src=\"\/blog\/public\/.Porsche_Panamera_Diesel_achat_carideal_mandataire_automobile_m.jpg\" alt=\"Porsche_Panamera_Diesel_achat_carideal_mandataire_automobile.jpg\" title=\"Porsche_Panamera_Diesel_achat_carideal_mandataire_automobile.jpg, ao\u00fbt 2011\" \/><\/p>\n<blockquote>\n<p>L'int\u00e9rieur de haute couture de la Porsche Panam\u00e9ra<\/p>\n<\/blockquote>\n<p>La Panam\u00e9ra est ch\u00e8re, 81600 \u20ac contre ses rivales Audi A7 sportback \u00e0 72700 \u20ac et la Mercedes CLS 350 CDI \u00e0 71100 \u20ac, et encore \u00e0 ce prix l\u00e0 il faut rajouter le GPS les x\u00e9non et le Bluetooth !!!!<br \/>\nPorsche offre un ch\u00e2ssis au dessus du lot contre les quattre roues motrices pour l'Audi et un moteur beaucoup plus performant sur la Mercedes.<\/p>\n<p>\/ <a href=\"\/blog\/index.php?post\/2011\/07\/11\/Porsche-Panamera-Diesel\">Porsche Panamera diesel<\/a><br \/>\n\/ <a href=\"\/blog\/index.php?post\/2011\/05\/10\/Mercedes-Break-CLS-2011\">Mercedes CLS Break<\/a><\/p>\n","protected":false},"excerpt":{"rendered":"<p>Porsche Panamera diesel La Porsche Panamera vient se mesurer \u00e0 la concurrence des Audi A7 Sportback quattro et Mercedes CLS 350. Porsche ne pouvait ignorer plus longtemps les tendances du march\u00e9 surtout pour cette gamme de voiture et a donc emprunt\u00e9 \u00e0 Volkswagen son V6 TDI de 250 ch. Bien sur ce moteur n&rsquo;a plus &#8230; <a title=\"La Porsche Panamera passe au Diesel\" class=\"read-more\" href=\"https:\/\/www.carideal.com\/blog\/2011\/08\/31\/la-porsche-panamera-passe-au-diesel\/\" aria-label=\"En savoir plus sur La Porsche Panamera passe au Diesel\">Lire plus<\/a><\/p>\n","protected":false},"author":1,"featured_media":0,"comment_status":"open","ping_status":"open","sticky":false,"template":"","format":"standard","meta":{"_uag_custom_page_level_css":"","_themeisle_gutenberg_block_has_review":false,"footnotes":""},"categories":[10],"tags":[120,730],"class_list":["post-1001","post","type-post","status-publish","format-standard","hentry","category-marche-automobile-voiture-neuve-occasion-4x4-suv","tag-cayenne","tag-panamera"],"wppr_data":[],"yoast_head":"<!-- This site is optimized with the Yoast SEO plugin v24.8.1 - https:\/\/yoast.com\/wordpress\/plugins\/seo\/ -->\n<title>La Porsche Panamera passe au Diesel - Blog auto Carid\u00e9al<\/title>\n<meta name=\"robots\" content=\"index, follow, max-snippet:-1, max-image-preview:large, max-video-preview:-1\" \/>\n<link rel=\"canonical\" href=\"https:\/\/www.carideal.com\/blog\/2011\/08\/31\/la-porsche-panamera-passe-au-diesel\/\" \/>\n<meta property=\"og:locale\" content=\"fr_FR\" \/>\n<meta property=\"og:type\" content=\"article\" \/>\n<meta property=\"og:title\" content=\"La Porsche Panamera passe au Diesel - Blog auto Carid\u00e9al\" \/>\n<meta property=\"og:description\" content=\"Porsche Panamera diesel La Porsche Panamera vient se mesurer \u00e0 la concurrence des Audi A7 Sportback quattro et Mercedes CLS 350. Porsche ne pouvait ignorer plus longtemps les tendances du march\u00e9 surtout pour cette gamme de voiture et a donc emprunt\u00e9 \u00e0 Volkswagen son V6 TDI de 250 ch. Bien sur ce moteur n&#039;a plus ... Lire plus\" \/>\n<meta property=\"og:url\" content=\"https:\/\/www.carideal.com\/blog\/2011\/08\/31\/la-porsche-panamera-passe-au-diesel\/\" \/>\n<meta property=\"og:site_name\" content=\"Blog auto Carid\u00e9al\" \/>\n<meta property=\"article:publisher\" content=\"https:\/\/www.facebook.com\/Carideal.mandataire.automobile\" \/>\n<meta property=\"article:author\" content=\"https:\/\/www.facebook.com\/Carideal.mandataire.automobile\/\" \/>\n<meta property=\"article:published_time\" content=\"2011-08-31T15:57:00+00:00\" \/>\n<meta property=\"og:image\" content=\"https:\/\/www.carideal.com\/blog\/wp-content\/uploads\/2016\/03\/logo-carideal-mandataire-automobile.png\" \/>\n\t<meta property=\"og:image:width\" content=\"300\" \/>\n\t<meta property=\"og:image:height\" content=\"300\" \/>\n\t<meta property=\"og:image:type\" content=\"image\/png\" \/>\n<meta name=\"author\" content=\"N.S Carideal\" \/>\n<meta name=\"twitter:card\" content=\"summary_large_image\" \/>\n<meta name=\"twitter:creator\" content=\"@caridealauto\" \/>\n<meta name=\"twitter:site\" content=\"@caridealauto\" \/>\n<meta name=\"twitter:label1\" content=\"\u00c9crit par\" \/>\n\t<meta name=\"twitter:data1\" content=\"N.S Carideal\" \/>\n\t<meta name=\"twitter:label2\" content=\"Dur\u00e9e de lecture estim\u00e9e\" \/>\n\t<meta name=\"twitter:data2\" content=\"1 minute\" \/>\n<script type=\"application\/ld+json\" class=\"yoast-schema-graph\">{\"@context\":\"https:\/\/schema.org\",\"@graph\":[{\"@type\":\"Article\",\"@id\":\"https:\/\/www.carideal.com\/blog\/2011\/08\/31\/la-porsche-panamera-passe-au-diesel\/#article\",\"isPartOf\":{\"@id\":\"https:\/\/www.carideal.com\/blog\/2011\/08\/31\/la-porsche-panamera-passe-au-diesel\/\"},\"author\":{\"name\":\"N.S Carideal\",\"@id\":\"https:\/\/www.carideal.com\/blog\/#\/schema\/person\/985c7e757d1042d647f21bfaf8d41ebc\"},\"headline\":\"La Porsche Panamera passe au Diesel\",\"datePublished\":\"2011-08-31T15:57:00+00:00\",\"mainEntityOfPage\":{\"@id\":\"https:\/\/www.carideal.com\/blog\/2011\/08\/31\/la-porsche-panamera-passe-au-diesel\/\"},\"wordCount\":238,\"commentCount\":2,\"publisher\":{\"@id\":\"https:\/\/www.carideal.com\/blog\/#organization\"},\"keywords\":[\"Cayenne\",\"Panamera\"],\"articleSection\":[\"March\u00e9 automobile\"],\"inLanguage\":\"fr-FR\",\"potentialAction\":[{\"@type\":\"CommentAction\",\"name\":\"Comment\",\"target\":[\"https:\/\/www.carideal.com\/blog\/2011\/08\/31\/la-porsche-panamera-passe-au-diesel\/#respond\"]}]},{\"@type\":\"WebPage\",\"@id\":\"https:\/\/www.carideal.com\/blog\/2011\/08\/31\/la-porsche-panamera-passe-au-diesel\/\",\"url\":\"https:\/\/www.carideal.com\/blog\/2011\/08\/31\/la-porsche-panamera-passe-au-diesel\/\",\"name\":\"La Porsche Panamera passe au Diesel - Blog auto Carid\u00e9al\",\"isPartOf\":{\"@id\":\"https:\/\/www.carideal.com\/blog\/#website\"},\"datePublished\":\"2011-08-31T15:57:00+00:00\",\"breadcrumb\":{\"@id\":\"https:\/\/www.carideal.com\/blog\/2011\/08\/31\/la-porsche-panamera-passe-au-diesel\/#breadcrumb\"},\"inLanguage\":\"fr-FR\",\"potentialAction\":[{\"@type\":\"ReadAction\",\"target\":[\"https:\/\/www.carideal.com\/blog\/2011\/08\/31\/la-porsche-panamera-passe-au-diesel\/\"]}]},{\"@type\":\"BreadcrumbList\",\"@id\":\"https:\/\/www.carideal.com\/blog\/2011\/08\/31\/la-porsche-panamera-passe-au-diesel\/#breadcrumb\",\"itemListElement\":[{\"@type\":\"ListItem\",\"position\":1,\"name\":\"Blog Carid\u00e9al\",\"item\":\"https:\/\/www.carideal.com\/blog\/\"},{\"@type\":\"ListItem\",\"position\":2,\"name\":\"March\u00e9 automobile\",\"item\":\"https:\/\/www.carideal.com\/blog\/marche-automobile-voiture-neuve-occasion-4x4-suv\/\"},{\"@type\":\"ListItem\",\"position\":3,\"name\":\"La Porsche Panamera passe au Diesel\"}]},{\"@type\":\"WebSite\",\"@id\":\"https:\/\/www.carideal.com\/blog\/#website\",\"url\":\"https:\/\/www.carideal.com\/blog\/\",\"name\":\"Blog auto Carid\u00e9al\",\"description\":\"Actualit\u00e9 auto par des passionn\u00e9s\",\"publisher\":{\"@id\":\"https:\/\/www.carideal.com\/blog\/#organization\"},\"potentialAction\":[{\"@type\":\"SearchAction\",\"target\":{\"@type\":\"EntryPoint\",\"urlTemplate\":\"https:\/\/www.carideal.com\/blog\/?s={search_term_string}\"},\"query-input\":{\"@type\":\"PropertyValueSpecification\",\"valueRequired\":true,\"valueName\":\"search_term_string\"}}],\"inLanguage\":\"fr-FR\"},{\"@type\":\"Organization\",\"@id\":\"https:\/\/www.carideal.com\/blog\/#organization\",\"name\":\"Carideal\",\"url\":\"https:\/\/www.carideal.com\/blog\/\",\"logo\":{\"@type\":\"ImageObject\",\"inLanguage\":\"fr-FR\",\"@id\":\"https:\/\/www.carideal.com\/blog\/#\/schema\/logo\/image\/\",\"url\":\"http:\/\/www.carideal.com\/blog\/wp-content\/uploads\/2016\/03\/logo-carideal-mandataire-automobile.png\",\"contentUrl\":\"http:\/\/www.carideal.com\/blog\/wp-content\/uploads\/2016\/03\/logo-carideal-mandataire-automobile.png\",\"width\":300,\"height\":300,\"caption\":\"Carideal\"},\"image\":{\"@id\":\"https:\/\/www.carideal.com\/blog\/#\/schema\/logo\/image\/\"},\"sameAs\":[\"https:\/\/www.facebook.com\/Carideal.mandataire.automobile\",\"https:\/\/x.com\/caridealauto\",\"https:\/\/www.instagram.com\/carideal1\/\",\"https:\/\/www.linkedin.com\/company\/carideal.com\",\"https:\/\/fr.pinterest.com\/schiavonsas\/\",\"https:\/\/www.youtube.com\/user\/caridealsas\"]},{\"@type\":\"Person\",\"@id\":\"https:\/\/www.carideal.com\/blog\/#\/schema\/person\/985c7e757d1042d647f21bfaf8d41ebc\",\"name\":\"N.S Carideal\",\"image\":{\"@type\":\"ImageObject\",\"inLanguage\":\"fr-FR\",\"@id\":\"https:\/\/www.carideal.com\/blog\/#\/schema\/person\/image\/\",\"url\":\"https:\/\/secure.gravatar.com\/avatar\/edb7ccdf1a4e3d14aef967760d354d0e?s=96&r=g\",\"contentUrl\":\"https:\/\/secure.gravatar.com\/avatar\/edb7ccdf1a4e3d14aef967760d354d0e?s=96&r=g\",\"caption\":\"N.S Carideal\"},\"description\":\"Depuis tout petit fan d'automobile. Il est question d'essayer et de comparer toutes ces voitures qui nous ont fait r\u00e9ver, avant que celles-ci ne devient uniquement des voitures de collection.\",\"sameAs\":[\"http:\/\/www.carideal.com\/blog\",\"https:\/\/www.facebook.com\/Carideal.mandataire.automobile\/\",\"https:\/\/www.linkedin.com\/in\/nschiavon\/\",\"https:\/\/www.youtube.com\/user\/caridealsas\/\"],\"url\":\"https:\/\/www.carideal.com\/blog\/author\/admin_carideal\/\"}]}<\/script>\n<!-- \/ Yoast SEO plugin. -->","yoast_head_json":{"title":"La Porsche Panamera passe au Diesel - Blog auto Carid\u00e9al","robots":{"index":"index","follow":"follow","max-snippet":"max-snippet:-1","max-image-preview":"max-image-preview:large","max-video-preview":"max-video-preview:-1"},"canonical":"https:\/\/www.carideal.com\/blog\/2011\/08\/31\/la-porsche-panamera-passe-au-diesel\/","og_locale":"fr_FR","og_type":"article","og_title":"La Porsche Panamera passe au Diesel - Blog auto Carid\u00e9al","og_description":"Porsche Panamera diesel La Porsche Panamera vient se mesurer \u00e0 la concurrence des Audi A7 Sportback quattro et Mercedes CLS 350. Porsche ne pouvait ignorer plus longtemps les tendances du march\u00e9 surtout pour cette gamme de voiture et a donc emprunt\u00e9 \u00e0 Volkswagen son V6 TDI de 250 ch. Bien sur ce moteur n'a plus ... Lire plus","og_url":"https:\/\/www.carideal.com\/blog\/2011\/08\/31\/la-porsche-panamera-passe-au-diesel\/","og_site_name":"Blog auto Carid\u00e9al","article_publisher":"https:\/\/www.facebook.com\/Carideal.mandataire.automobile","article_author":"https:\/\/www.facebook.com\/Carideal.mandataire.automobile\/","article_published_time":"2011-08-31T15:57:00+00:00","og_image":[{"width":300,"height":300,"url":"https:\/\/www.carideal.com\/blog\/wp-content\/uploads\/2016\/03\/logo-carideal-mandataire-automobile.png","type":"image\/png"}],"author":"N.S Carideal","twitter_card":"summary_large_image","twitter_creator":"@caridealauto","twitter_site":"@caridealauto","twitter_misc":{"\u00c9crit par":"N.S Carideal","Dur\u00e9e de lecture estim\u00e9e":"1 minute"},"schema":{"@context":"https:\/\/schema.org","@graph":[{"@type":"Article","@id":"https:\/\/www.carideal.com\/blog\/2011\/08\/31\/la-porsche-panamera-passe-au-diesel\/#article","isPartOf":{"@id":"https:\/\/www.carideal.com\/blog\/2011\/08\/31\/la-porsche-panamera-passe-au-diesel\/"},"author":{"name":"N.S Carideal","@id":"https:\/\/www.carideal.com\/blog\/#\/schema\/person\/985c7e757d1042d647f21bfaf8d41ebc"},"headline":"La Porsche Panamera passe au Diesel","datePublished":"2011-08-31T15:57:00+00:00","mainEntityOfPage":{"@id":"https:\/\/www.carideal.com\/blog\/2011\/08\/31\/la-porsche-panamera-passe-au-diesel\/"},"wordCount":238,"commentCount":2,"publisher":{"@id":"https:\/\/www.carideal.com\/blog\/#organization"},"keywords":["Cayenne","Panamera"],"articleSection":["March\u00e9 automobile"],"inLanguage":"fr-FR","potentialAction":[{"@type":"CommentAction","name":"Comment","target":["https:\/\/www.carideal.com\/blog\/2011\/08\/31\/la-porsche-panamera-passe-au-diesel\/#respond"]}]},{"@type":"WebPage","@id":"https:\/\/www.carideal.com\/blog\/2011\/08\/31\/la-porsche-panamera-passe-au-diesel\/","url":"https:\/\/www.carideal.com\/blog\/2011\/08\/31\/la-porsche-panamera-passe-au-diesel\/","name":"La Porsche Panamera passe au Diesel - Blog auto Carid\u00e9al","isPartOf":{"@id":"https:\/\/www.carideal.com\/blog\/#website"},"datePublished":"2011-08-31T15:57:00+00:00","breadcrumb":{"@id":"https:\/\/www.carideal.com\/blog\/2011\/08\/31\/la-porsche-panamera-passe-au-diesel\/#breadcrumb"},"inLanguage":"fr-FR","potentialAction":[{"@type":"ReadAction","target":["https:\/\/www.carideal.com\/blog\/2011\/08\/31\/la-porsche-panamera-passe-au-diesel\/"]}]},{"@type":"BreadcrumbList","@id":"https:\/\/www.carideal.com\/blog\/2011\/08\/31\/la-porsche-panamera-passe-au-diesel\/#breadcrumb","itemListElement":[{"@type":"ListItem","position":1,"name":"Blog Carid\u00e9al","item":"https:\/\/www.carideal.com\/blog\/"},{"@type":"ListItem","position":2,"name":"March\u00e9 automobile","item":"https:\/\/www.carideal.com\/blog\/marche-automobile-voiture-neuve-occasion-4x4-suv\/"},{"@type":"ListItem","position":3,"name":"La Porsche Panamera passe au Diesel"}]},{"@type":"WebSite","@id":"https:\/\/www.carideal.com\/blog\/#website","url":"https:\/\/www.carideal.com\/blog\/","name":"Blog auto Carid\u00e9al","description":"Actualit\u00e9 auto par des passionn\u00e9s","publisher":{"@id":"https:\/\/www.carideal.com\/blog\/#organization"},"potentialAction":[{"@type":"SearchAction","target":{"@type":"EntryPoint","urlTemplate":"https:\/\/www.carideal.com\/blog\/?s={search_term_string}"},"query-input":{"@type":"PropertyValueSpecification","valueRequired":true,"valueName":"search_term_string"}}],"inLanguage":"fr-FR"},{"@type":"Organization","@id":"https:\/\/www.carideal.com\/blog\/#organization","name":"Carideal","url":"https:\/\/www.carideal.com\/blog\/","logo":{"@type":"ImageObject","inLanguage":"fr-FR","@id":"https:\/\/www.carideal.com\/blog\/#\/schema\/logo\/image\/","url":"http:\/\/www.carideal.com\/blog\/wp-content\/uploads\/2016\/03\/logo-carideal-mandataire-automobile.png","contentUrl":"http:\/\/www.carideal.com\/blog\/wp-content\/uploads\/2016\/03\/logo-carideal-mandataire-automobile.png","width":300,"height":300,"caption":"Carideal"},"image":{"@id":"https:\/\/www.carideal.com\/blog\/#\/schema\/logo\/image\/"},"sameAs":["https:\/\/www.facebook.com\/Carideal.mandataire.automobile","https:\/\/x.com\/caridealauto","https:\/\/www.instagram.com\/carideal1\/","https:\/\/www.linkedin.com\/company\/carideal.com","https:\/\/fr.pinterest.com\/schiavonsas\/","https:\/\/www.youtube.com\/user\/caridealsas"]},{"@type":"Person","@id":"https:\/\/www.carideal.com\/blog\/#\/schema\/person\/985c7e757d1042d647f21bfaf8d41ebc","name":"N.S Carideal","image":{"@type":"ImageObject","inLanguage":"fr-FR","@id":"https:\/\/www.carideal.com\/blog\/#\/schema\/person\/image\/","url":"https:\/\/secure.gravatar.com\/avatar\/edb7ccdf1a4e3d14aef967760d354d0e?s=96&r=g","contentUrl":"https:\/\/secure.gravatar.com\/avatar\/edb7ccdf1a4e3d14aef967760d354d0e?s=96&r=g","caption":"N.S Carideal"},"description":"Depuis tout petit fan d'automobile. Il est question d'essayer et de comparer toutes ces voitures qui nous ont fait r\u00e9ver, avant que celles-ci ne devient uniquement des voitures de collection.","sameAs":["http:\/\/www.carideal.com\/blog","https:\/\/www.facebook.com\/Carideal.mandataire.automobile\/","https:\/\/www.linkedin.com\/in\/nschiavon\/","https:\/\/www.youtube.com\/user\/caridealsas\/"],"url":"https:\/\/www.carideal.com\/blog\/author\/admin_carideal\/"}]}},"uagb_featured_image_src":{"full":false,"thumbnail":false,"medium":false,"medium_large":false,"large":false,"1536x1536":false,"2048x2048":false,"wppr-widget":false},"uagb_author_info":{"display_name":"N.S Carideal","author_link":"https:\/\/www.carideal.com\/blog\/author\/admin_carideal\/"},"uagb_comment_info":2,"uagb_excerpt":"Porsche Panamera diesel La Porsche Panamera vient se mesurer \u00e0 la concurrence des Audi A7 Sportback quattro et Mercedes CLS 350. Porsche ne pouvait ignorer plus longtemps les tendances du march\u00e9 surtout pour cette gamme de voiture et a donc emprunt\u00e9 \u00e0 Volkswagen son V6 TDI de 250 ch. Bien sur ce moteur n'a plus\u2026","_links":{"self":[{"href":"https:\/\/www.carideal.com\/blog\/wp-json\/wp\/v2\/posts\/1001"}],"collection":[{"href":"https:\/\/www.carideal.com\/blog\/wp-json\/wp\/v2\/posts"}],"about":[{"href":"https:\/\/www.carideal.com\/blog\/wp-json\/wp\/v2\/types\/post"}],"author":[{"embeddable":true,"href":"https:\/\/www.carideal.com\/blog\/wp-json\/wp\/v2\/users\/1"}],"replies":[{"embeddable":true,"href":"https:\/\/www.carideal.com\/blog\/wp-json\/wp\/v2\/comments?post=1001"}],"version-history":[{"count":0,"href":"https:\/\/www.carideal.com\/blog\/wp-json\/wp\/v2\/posts\/1001\/revisions"}],"wp:attachment":[{"href":"https:\/\/www.carideal.com\/blog\/wp-json\/wp\/v2\/media?parent=1001"}],"wp:term":[{"taxonomy":"category","embeddable":true,"href":"https:\/\/www.carideal.com\/blog\/wp-json\/wp\/v2\/categories?post=1001"},{"taxonomy":"post_tag","embeddable":true,"href":"https:\/\/www.carideal.com\/blog\/wp-json\/wp\/v2\/tags?post=1001"}],"curies":[{"name":"wp","href":"https:\/\/api.w.org\/{rel}","templated":true}]}}