{"id":6159,"count":8,"description":"<h2><strong>ACTUALITE MITSUBISHI<\/strong><\/h2>\r\nLe blog automobile de Carideal vous propose aussi l'<strong>ACTUALIT\u00c9 MITSUBISHI<\/strong>, les derniers essais Mitsubishi, les comparatifs Mitsubishi afin de faire votre choix pour votre achat d\u2019une Mitsubishi \u00e0 moins que vous ne soyez int\u00e9ress\u00e9 par l\u2019achat d\u2019une Mitsubishi d\u2019occasion. Retrouvez toute l\u2019actualit\u00e9 Mitsubishi class\u00e9e par th\u00e8me et par mod\u00e8le de Mitsubishi. Retrouvez aussi nos Vid\u00e9os automobiles Mitsubishi.","link":"https:\/\/www.carideal.com\/blog\/constructeur\/actualite-mitsubishi\/","name":"Actualit\u00e9 Mitsubishi","slug":"actualite-mitsubishi","taxonomy":"category","parent":5944,"meta":[],"yoast_head":"<!-- This site is optimized with the Yoast SEO plugin v24.8.1 - https:\/\/yoast.com\/wordpress\/plugins\/seo\/ -->\n<title>Actualit\u00e9 Mitsubishi Archives - Blog auto Carid\u00e9al<\/title>\n<meta name=\"description\" content=\"Le blog automobile de Carideal vous propose aussi l&#039;ACTUALIT\u00c9 MITSUBISHI, les derniers essais Mitsubishi, les comparatifs Mitsubishi afin de faire votre choix pour votre achat d\u2019une Mitsubishi \u00e0 moins que vous ne soyez int\u00e9ress\u00e9 par l\u2019achat d\u2019une Mitsubishi d\u2019occasion\" \/>\n<meta name=\"robots\" content=\"index, follow, max-snippet:-1, max-image-preview:large, max-video-preview:-1\" \/>\n<link rel=\"canonical\" href=\"https:\/\/www.carideal.com\/blog\/constructeur\/actualite-mitsubishi\/\" \/>\n<meta property=\"og:locale\" content=\"fr_FR\" \/>\n<meta property=\"og:type\" content=\"article\" \/>\n<meta property=\"og:title\" content=\"Actualit\u00e9 Mitsubishi Archives - Blog auto Carid\u00e9al\" \/>\n<meta property=\"og:description\" content=\"Le blog automobile de Carideal vous propose aussi l&#039;ACTUALIT\u00c9 MITSUBISHI, les derniers essais Mitsubishi, les comparatifs Mitsubishi afin de faire votre choix pour votre achat d\u2019une Mitsubishi \u00e0 moins que vous ne soyez int\u00e9ress\u00e9 par l\u2019achat d\u2019une Mitsubishi d\u2019occasion\" \/>\n<meta property=\"og:url\" content=\"https:\/\/www.carideal.com\/blog\/constructeur\/actualite-mitsubishi\/\" \/>\n<meta property=\"og:site_name\" content=\"Blog auto Carid\u00e9al\" \/>\n<meta property=\"og:image\" content=\"https:\/\/www.carideal.com\/blog\/wp-content\/uploads\/2016\/03\/logo-carideal-mandataire-automobile.png\" \/>\n\t<meta property=\"og:image:width\" content=\"300\" \/>\n\t<meta property=\"og:image:height\" content=\"300\" \/>\n\t<meta property=\"og:image:type\" content=\"image\/png\" \/>\n<meta name=\"twitter:card\" content=\"summary_large_image\" \/>\n<meta name=\"twitter:site\" content=\"@caridealauto\" \/>\n<script type=\"application\/ld+json\" class=\"yoast-schema-graph\">{\"@context\":\"https:\/\/schema.org\",\"@graph\":[{\"@type\":\"CollectionPage\",\"@id\":\"https:\/\/www.carideal.com\/blog\/constructeur\/actualite-mitsubishi\/\",\"url\":\"https:\/\/www.carideal.com\/blog\/constructeur\/actualite-mitsubishi\/\",\"name\":\"Actualit\u00e9 Mitsubishi Archives - Blog auto Carid\u00e9al\",\"isPartOf\":{\"@id\":\"https:\/\/www.carideal.com\/blog\/#website\"},\"description\":\"Le blog automobile de Carideal vous propose aussi l'ACTUALIT\u00c9 MITSUBISHI, les derniers essais Mitsubishi, les comparatifs Mitsubishi afin de faire votre choix pour votre achat d\u2019une Mitsubishi \u00e0 moins que vous ne soyez int\u00e9ress\u00e9 par l\u2019achat d\u2019une Mitsubishi d\u2019occasion\",\"breadcrumb\":{\"@id\":\"https:\/\/www.carideal.com\/blog\/constructeur\/actualite-mitsubishi\/#breadcrumb\"},\"inLanguage\":\"fr-FR\"},{\"@type\":\"BreadcrumbList\",\"@id\":\"https:\/\/www.carideal.com\/blog\/constructeur\/actualite-mitsubishi\/#breadcrumb\",\"itemListElement\":[{\"@type\":\"ListItem\",\"position\":1,\"name\":\"Blog Carid\u00e9al\",\"item\":\"https:\/\/www.carideal.com\/blog\/\"},{\"@type\":\"ListItem\",\"position\":2,\"name\":\"Actualit\u00e9 constructeur automobile\",\"item\":\"https:\/\/www.carideal.com\/blog\/constructeur\/\"},{\"@type\":\"ListItem\",\"position\":3,\"name\":\"Actualit\u00e9 Mitsubishi\"}]},{\"@type\":\"WebSite\",\"@id\":\"https:\/\/www.carideal.com\/blog\/#website\",\"url\":\"https:\/\/www.carideal.com\/blog\/\",\"name\":\"Blog auto Carid\u00e9al\",\"description\":\"Actualit\u00e9 auto par des passionn\u00e9s\",\"publisher\":{\"@id\":\"https:\/\/www.carideal.com\/blog\/#organization\"},\"potentialAction\":[{\"@type\":\"SearchAction\",\"target\":{\"@type\":\"EntryPoint\",\"urlTemplate\":\"https:\/\/www.carideal.com\/blog\/?s={search_term_string}\"},\"query-input\":{\"@type\":\"PropertyValueSpecification\",\"valueRequired\":true,\"valueName\":\"search_term_string\"}}],\"inLanguage\":\"fr-FR\"},{\"@type\":\"Organization\",\"@id\":\"https:\/\/www.carideal.com\/blog\/#organization\",\"name\":\"Carideal\",\"url\":\"https:\/\/www.carideal.com\/blog\/\",\"logo\":{\"@type\":\"ImageObject\",\"inLanguage\":\"fr-FR\",\"@id\":\"https:\/\/www.carideal.com\/blog\/#\/schema\/logo\/image\/\",\"url\":\"http:\/\/www.carideal.com\/blog\/wp-content\/uploads\/2016\/03\/logo-carideal-mandataire-automobile.png\",\"contentUrl\":\"http:\/\/www.carideal.com\/blog\/wp-content\/uploads\/2016\/03\/logo-carideal-mandataire-automobile.png\",\"width\":300,\"height\":300,\"caption\":\"Carideal\"},\"image\":{\"@id\":\"https:\/\/www.carideal.com\/blog\/#\/schema\/logo\/image\/\"},\"sameAs\":[\"https:\/\/www.facebook.com\/Carideal.mandataire.automobile\",\"https:\/\/x.com\/caridealauto\",\"https:\/\/www.instagram.com\/carideal1\/\",\"https:\/\/www.linkedin.com\/company\/carideal.com\",\"https:\/\/fr.pinterest.com\/schiavonsas\/\",\"https:\/\/www.youtube.com\/user\/caridealsas\"]}]}<\/script>\n<!-- \/ Yoast SEO plugin. -->","yoast_head_json":{"title":"Actualit\u00e9 Mitsubishi Archives - Blog auto Carid\u00e9al","description":"Le blog automobile de Carideal vous propose aussi l'ACTUALIT\u00c9 MITSUBISHI, les derniers essais Mitsubishi, les comparatifs Mitsubishi afin de faire votre choix pour votre achat d\u2019une Mitsubishi \u00e0 moins que vous ne soyez int\u00e9ress\u00e9 par l\u2019achat d\u2019une Mitsubishi d\u2019occasion","robots":{"index":"index","follow":"follow","max-snippet":"max-snippet:-1","max-image-preview":"max-image-preview:large","max-video-preview":"max-video-preview:-1"},"canonical":"https:\/\/www.carideal.com\/blog\/constructeur\/actualite-mitsubishi\/","og_locale":"fr_FR","og_type":"article","og_title":"Actualit\u00e9 Mitsubishi Archives - Blog auto Carid\u00e9al","og_description":"Le blog automobile de Carideal vous propose aussi l'ACTUALIT\u00c9 MITSUBISHI, les derniers essais Mitsubishi, les comparatifs Mitsubishi afin de faire votre choix pour votre achat d\u2019une Mitsubishi \u00e0 moins que vous ne soyez int\u00e9ress\u00e9 par l\u2019achat d\u2019une Mitsubishi d\u2019occasion","og_url":"https:\/\/www.carideal.com\/blog\/constructeur\/actualite-mitsubishi\/","og_site_name":"Blog auto Carid\u00e9al","og_image":[{"width":300,"height":300,"url":"https:\/\/www.carideal.com\/blog\/wp-content\/uploads\/2016\/03\/logo-carideal-mandataire-automobile.png","type":"image\/png"}],"twitter_card":"summary_large_image","twitter_site":"@caridealauto","schema":{"@context":"https:\/\/schema.org","@graph":[{"@type":"CollectionPage","@id":"https:\/\/www.carideal.com\/blog\/constructeur\/actualite-mitsubishi\/","url":"https:\/\/www.carideal.com\/blog\/constructeur\/actualite-mitsubishi\/","name":"Actualit\u00e9 Mitsubishi Archives - Blog auto Carid\u00e9al","isPartOf":{"@id":"https:\/\/www.carideal.com\/blog\/#website"},"description":"Le blog automobile de Carideal vous propose aussi l'ACTUALIT\u00c9 MITSUBISHI, les derniers essais Mitsubishi, les comparatifs Mitsubishi afin de faire votre choix pour votre achat d\u2019une Mitsubishi \u00e0 moins que vous ne soyez int\u00e9ress\u00e9 par l\u2019achat d\u2019une Mitsubishi d\u2019occasion","breadcrumb":{"@id":"https:\/\/www.carideal.com\/blog\/constructeur\/actualite-mitsubishi\/#breadcrumb"},"inLanguage":"fr-FR"},{"@type":"BreadcrumbList","@id":"https:\/\/www.carideal.com\/blog\/constructeur\/actualite-mitsubishi\/#breadcrumb","itemListElement":[{"@type":"ListItem","position":1,"name":"Blog Carid\u00e9al","item":"https:\/\/www.carideal.com\/blog\/"},{"@type":"ListItem","position":2,"name":"Actualit\u00e9 constructeur automobile","item":"https:\/\/www.carideal.com\/blog\/constructeur\/"},{"@type":"ListItem","position":3,"name":"Actualit\u00e9 Mitsubishi"}]},{"@type":"WebSite","@id":"https:\/\/www.carideal.com\/blog\/#website","url":"https:\/\/www.carideal.com\/blog\/","name":"Blog auto Carid\u00e9al","description":"Actualit\u00e9 auto par des passionn\u00e9s","publisher":{"@id":"https:\/\/www.carideal.com\/blog\/#organization"},"potentialAction":[{"@type":"SearchAction","target":{"@type":"EntryPoint","urlTemplate":"https:\/\/www.carideal.com\/blog\/?s={search_term_string}"},"query-input":{"@type":"PropertyValueSpecification","valueRequired":true,"valueName":"search_term_string"}}],"inLanguage":"fr-FR"},{"@type":"Organization","@id":"https:\/\/www.carideal.com\/blog\/#organization","name":"Carideal","url":"https:\/\/www.carideal.com\/blog\/","logo":{"@type":"ImageObject","inLanguage":"fr-FR","@id":"https:\/\/www.carideal.com\/blog\/#\/schema\/logo\/image\/","url":"http:\/\/www.carideal.com\/blog\/wp-content\/uploads\/2016\/03\/logo-carideal-mandataire-automobile.png","contentUrl":"http:\/\/www.carideal.com\/blog\/wp-content\/uploads\/2016\/03\/logo-carideal-mandataire-automobile.png","width":300,"height":300,"caption":"Carideal"},"image":{"@id":"https:\/\/www.carideal.com\/blog\/#\/schema\/logo\/image\/"},"sameAs":["https:\/\/www.facebook.com\/Carideal.mandataire.automobile","https:\/\/x.com\/caridealauto","https:\/\/www.instagram.com\/carideal1\/","https:\/\/www.linkedin.com\/company\/carideal.com","https:\/\/fr.pinterest.com\/schiavonsas\/","https:\/\/www.youtube.com\/user\/caridealsas"]}]}},"_links":{"self":[{"href":"https:\/\/www.carideal.com\/blog\/wp-json\/wp\/v2\/categories\/6159"}],"collection":[{"href":"https:\/\/www.carideal.com\/blog\/wp-json\/wp\/v2\/categories"}],"about":[{"href":"https:\/\/www.carideal.com\/blog\/wp-json\/wp\/v2\/taxonomies\/category"}],"up":[{"embeddable":true,"href":"https:\/\/www.carideal.com\/blog\/wp-json\/wp\/v2\/categories\/5944"}],"wp:post_type":[{"href":"https:\/\/www.carideal.com\/blog\/wp-json\/wp\/v2\/posts?categories=6159"}],"curies":[{"name":"wp","href":"https:\/\/api.w.org\/{rel}","templated":true}]}}