{"id":6025,"count":94,"description":"<h2><strong>ESSAI VOITURE OCCASION<\/strong><\/h2>\r\n[caption id=\"attachment_11269\" align=\"alignleft\" width=\"300\"]<a href=\"http:\/\/www.carideal.com\/blog\/wp-content\/uploads\/2016\/07\/peugeot_2008_essai-occasion-carideal-blog-automobile.jpg\"><img class=\"wp-image-11269 size-medium\" title=\"Essai voiture occasion\" src=\"http:\/\/www.carideal.com\/blog\/wp-content\/uploads\/2016\/07\/peugeot_2008_essai-occasion-carideal-blog-automobile-300x158.jpg\" alt=\"Essai voiture occasion\" width=\"300\" height=\"158\" \/><\/a> Essai voiture occasion[\/caption]\r\n\r\nRetrouvez les <strong>essais de voiture d'occasion<\/strong> sur notre <a href=\"http:\/\/www.carideal.com\/blog\/\">blog automobile<\/a>. Un \u00e9tat sur le march\u00e9 de la\u00a0voiture d'occasion. Tous nos essais de voiture d'occasions, guide d'achat de voiture d'occasion, comparatif de voiture d'occasion sont list\u00e9s ci-dessous. Aucune <a href=\"http:\/\/www.carideal.com\/blog\/type-de-vehicule\/\">cat\u00e9gorie de voiture<\/a>\u00a0ne sera \u00e9pagn\u00e9e, les essais de voitures citadines d'occasions, les essais de monospaces d'occasion ou bien encore les essais de <a href=\"http:\/\/www.carideal.com\/blog\/type-de-vehicule\/suv\/\">SUV<\/a> d'occasions : afin de bien pr\u00e9parer l'<span style=\"text-decoration: underline;\"><a href=\"http:\/\/www.carideal.com\/733-voiture-occasion\">achat de votre voiture d'occasion<\/a><\/span>.","link":"https:\/\/www.carideal.com\/blog\/type-de-vehicule\/occasion-type-de-vehicule-type-de-vehicule\/","name":"Essai Voiture Occasion","slug":"occasion-type-de-vehicule-type-de-vehicule","taxonomy":"category","parent":5974,"meta":[],"yoast_head":"<!-- This site is optimized with the Yoast SEO plugin v24.8.1 - https:\/\/yoast.com\/wordpress\/plugins\/seo\/ -->\n<title>Essai Voiture Occasion Archives - Blog auto Carid\u00e9al<\/title>\n<meta name=\"description\" content=\"Retrouvez les essais de voiture d&#039;occasions sur notre blog automobile : Le march\u00e9 de la voiture occasion, les guides d&#039;achat de voitures d&#039;occasions etc.\" \/>\n<meta name=\"robots\" content=\"index, follow, max-snippet:-1, max-image-preview:large, max-video-preview:-1\" \/>\n<link rel=\"canonical\" href=\"https:\/\/www.carideal.com\/blog\/type-de-vehicule\/occasion-type-de-vehicule-type-de-vehicule\/\" \/>\n<meta property=\"og:locale\" content=\"fr_FR\" \/>\n<meta property=\"og:type\" content=\"article\" \/>\n<meta property=\"og:title\" content=\"Essai Voiture Occasion Archives - Blog auto Carid\u00e9al\" \/>\n<meta property=\"og:description\" content=\"Retrouvez les essais de voiture d&#039;occasions sur notre blog automobile : Le march\u00e9 de la voiture occasion, les guides d&#039;achat de voitures d&#039;occasions etc.\" \/>\n<meta property=\"og:url\" content=\"https:\/\/www.carideal.com\/blog\/type-de-vehicule\/occasion-type-de-vehicule-type-de-vehicule\/\" \/>\n<meta property=\"og:site_name\" content=\"Blog auto Carid\u00e9al\" \/>\n<meta property=\"og:image\" content=\"http:\/\/www.carideal.com\/blog\/wp-content\/uploads\/2016\/07\/peugeot_2008_essai-occasion-carideal-blog-automobile-300x158.jpg\" \/>\n<meta name=\"twitter:card\" content=\"summary_large_image\" \/>\n<meta name=\"twitter:site\" content=\"@caridealauto\" \/>\n<script type=\"application\/ld+json\" class=\"yoast-schema-graph\">{\"@context\":\"https:\/\/schema.org\",\"@graph\":[{\"@type\":\"CollectionPage\",\"@id\":\"https:\/\/www.carideal.com\/blog\/type-de-vehicule\/occasion-type-de-vehicule-type-de-vehicule\/\",\"url\":\"https:\/\/www.carideal.com\/blog\/type-de-vehicule\/occasion-type-de-vehicule-type-de-vehicule\/\",\"name\":\"Essai Voiture Occasion Archives - Blog auto Carid\u00e9al\",\"isPartOf\":{\"@id\":\"https:\/\/www.carideal.com\/blog\/#website\"},\"description\":\"Retrouvez les essais de voiture d'occasions sur notre blog automobile : Le march\u00e9 de la voiture occasion, les guides d'achat de voitures d'occasions etc.\",\"breadcrumb\":{\"@id\":\"https:\/\/www.carideal.com\/blog\/type-de-vehicule\/occasion-type-de-vehicule-type-de-vehicule\/#breadcrumb\"},\"inLanguage\":\"fr-FR\"},{\"@type\":\"BreadcrumbList\",\"@id\":\"https:\/\/www.carideal.com\/blog\/type-de-vehicule\/occasion-type-de-vehicule-type-de-vehicule\/#breadcrumb\",\"itemListElement\":[{\"@type\":\"ListItem\",\"position\":1,\"name\":\"Blog Carid\u00e9al\",\"item\":\"https:\/\/www.carideal.com\/blog\/\"},{\"@type\":\"ListItem\",\"position\":2,\"name\":\"Type de v\u00e9hicule\",\"item\":\"https:\/\/www.carideal.com\/blog\/type-de-vehicule\/\"},{\"@type\":\"ListItem\",\"position\":3,\"name\":\"Essai Voiture Occasion\"}]},{\"@type\":\"WebSite\",\"@id\":\"https:\/\/www.carideal.com\/blog\/#website\",\"url\":\"https:\/\/www.carideal.com\/blog\/\",\"name\":\"Blog auto Carid\u00e9al\",\"description\":\"Actualit\u00e9 auto par des passionn\u00e9s\",\"publisher\":{\"@id\":\"https:\/\/www.carideal.com\/blog\/#organization\"},\"potentialAction\":[{\"@type\":\"SearchAction\",\"target\":{\"@type\":\"EntryPoint\",\"urlTemplate\":\"https:\/\/www.carideal.com\/blog\/?s={search_term_string}\"},\"query-input\":{\"@type\":\"PropertyValueSpecification\",\"valueRequired\":true,\"valueName\":\"search_term_string\"}}],\"inLanguage\":\"fr-FR\"},{\"@type\":\"Organization\",\"@id\":\"https:\/\/www.carideal.com\/blog\/#organization\",\"name\":\"Carideal\",\"url\":\"https:\/\/www.carideal.com\/blog\/\",\"logo\":{\"@type\":\"ImageObject\",\"inLanguage\":\"fr-FR\",\"@id\":\"https:\/\/www.carideal.com\/blog\/#\/schema\/logo\/image\/\",\"url\":\"http:\/\/www.carideal.com\/blog\/wp-content\/uploads\/2016\/03\/logo-carideal-mandataire-automobile.png\",\"contentUrl\":\"http:\/\/www.carideal.com\/blog\/wp-content\/uploads\/2016\/03\/logo-carideal-mandataire-automobile.png\",\"width\":300,\"height\":300,\"caption\":\"Carideal\"},\"image\":{\"@id\":\"https:\/\/www.carideal.com\/blog\/#\/schema\/logo\/image\/\"},\"sameAs\":[\"https:\/\/www.facebook.com\/Carideal.mandataire.automobile\",\"https:\/\/x.com\/caridealauto\",\"https:\/\/www.instagram.com\/carideal1\/\",\"https:\/\/www.linkedin.com\/company\/carideal.com\",\"https:\/\/fr.pinterest.com\/schiavonsas\/\",\"https:\/\/www.youtube.com\/user\/caridealsas\"]}]}<\/script>\n<!-- \/ Yoast SEO plugin. -->","yoast_head_json":{"title":"Essai Voiture Occasion Archives - Blog auto Carid\u00e9al","description":"Retrouvez les essais de voiture d'occasions sur notre blog automobile : Le march\u00e9 de la voiture occasion, les guides d'achat de voitures d'occasions etc.","robots":{"index":"index","follow":"follow","max-snippet":"max-snippet:-1","max-image-preview":"max-image-preview:large","max-video-preview":"max-video-preview:-1"},"canonical":"https:\/\/www.carideal.com\/blog\/type-de-vehicule\/occasion-type-de-vehicule-type-de-vehicule\/","og_locale":"fr_FR","og_type":"article","og_title":"Essai Voiture Occasion Archives - Blog auto Carid\u00e9al","og_description":"Retrouvez les essais de voiture d'occasions sur notre blog automobile : Le march\u00e9 de la voiture occasion, les guides d'achat de voitures d'occasions etc.","og_url":"https:\/\/www.carideal.com\/blog\/type-de-vehicule\/occasion-type-de-vehicule-type-de-vehicule\/","og_site_name":"Blog auto Carid\u00e9al","og_image":[{"url":"http:\/\/www.carideal.com\/blog\/wp-content\/uploads\/2016\/07\/peugeot_2008_essai-occasion-carideal-blog-automobile-300x158.jpg","type":"","width":"","height":""}],"twitter_card":"summary_large_image","twitter_site":"@caridealauto","schema":{"@context":"https:\/\/schema.org","@graph":[{"@type":"CollectionPage","@id":"https:\/\/www.carideal.com\/blog\/type-de-vehicule\/occasion-type-de-vehicule-type-de-vehicule\/","url":"https:\/\/www.carideal.com\/blog\/type-de-vehicule\/occasion-type-de-vehicule-type-de-vehicule\/","name":"Essai Voiture Occasion Archives - Blog auto Carid\u00e9al","isPartOf":{"@id":"https:\/\/www.carideal.com\/blog\/#website"},"description":"Retrouvez les essais de voiture d'occasions sur notre blog automobile : Le march\u00e9 de la voiture occasion, les guides d'achat de voitures d'occasions etc.","breadcrumb":{"@id":"https:\/\/www.carideal.com\/blog\/type-de-vehicule\/occasion-type-de-vehicule-type-de-vehicule\/#breadcrumb"},"inLanguage":"fr-FR"},{"@type":"BreadcrumbList","@id":"https:\/\/www.carideal.com\/blog\/type-de-vehicule\/occasion-type-de-vehicule-type-de-vehicule\/#breadcrumb","itemListElement":[{"@type":"ListItem","position":1,"name":"Blog Carid\u00e9al","item":"https:\/\/www.carideal.com\/blog\/"},{"@type":"ListItem","position":2,"name":"Type de v\u00e9hicule","item":"https:\/\/www.carideal.com\/blog\/type-de-vehicule\/"},{"@type":"ListItem","position":3,"name":"Essai Voiture Occasion"}]},{"@type":"WebSite","@id":"https:\/\/www.carideal.com\/blog\/#website","url":"https:\/\/www.carideal.com\/blog\/","name":"Blog auto Carid\u00e9al","description":"Actualit\u00e9 auto par des passionn\u00e9s","publisher":{"@id":"https:\/\/www.carideal.com\/blog\/#organization"},"potentialAction":[{"@type":"SearchAction","target":{"@type":"EntryPoint","urlTemplate":"https:\/\/www.carideal.com\/blog\/?s={search_term_string}"},"query-input":{"@type":"PropertyValueSpecification","valueRequired":true,"valueName":"search_term_string"}}],"inLanguage":"fr-FR"},{"@type":"Organization","@id":"https:\/\/www.carideal.com\/blog\/#organization","name":"Carideal","url":"https:\/\/www.carideal.com\/blog\/","logo":{"@type":"ImageObject","inLanguage":"fr-FR","@id":"https:\/\/www.carideal.com\/blog\/#\/schema\/logo\/image\/","url":"http:\/\/www.carideal.com\/blog\/wp-content\/uploads\/2016\/03\/logo-carideal-mandataire-automobile.png","contentUrl":"http:\/\/www.carideal.com\/blog\/wp-content\/uploads\/2016\/03\/logo-carideal-mandataire-automobile.png","width":300,"height":300,"caption":"Carideal"},"image":{"@id":"https:\/\/www.carideal.com\/blog\/#\/schema\/logo\/image\/"},"sameAs":["https:\/\/www.facebook.com\/Carideal.mandataire.automobile","https:\/\/x.com\/caridealauto","https:\/\/www.instagram.com\/carideal1\/","https:\/\/www.linkedin.com\/company\/carideal.com","https:\/\/fr.pinterest.com\/schiavonsas\/","https:\/\/www.youtube.com\/user\/caridealsas"]}]}},"_links":{"self":[{"href":"https:\/\/www.carideal.com\/blog\/wp-json\/wp\/v2\/categories\/6025"}],"collection":[{"href":"https:\/\/www.carideal.com\/blog\/wp-json\/wp\/v2\/categories"}],"about":[{"href":"https:\/\/www.carideal.com\/blog\/wp-json\/wp\/v2\/taxonomies\/category"}],"up":[{"embeddable":true,"href":"https:\/\/www.carideal.com\/blog\/wp-json\/wp\/v2\/categories\/5974"}],"wp:post_type":[{"href":"https:\/\/www.carideal.com\/blog\/wp-json\/wp\/v2\/posts?categories=6025"}],"curies":[{"name":"wp","href":"https:\/\/api.w.org\/{rel}","templated":true}]}}