{"id":5970,"count":126,"description":"<h1>VOITURE \u00c9LECTRIQUE<\/h1>\r\n[caption id=\"attachment_11268\" align=\"alignleft\" width=\"300\"]<a href=\"http:\/\/www.carideal.com\/blog\/wp-content\/uploads\/2016\/07\/renault-zoe-voiture-\u00e9lectrique.jpg\"><img class=\"wp-image-11268 size-medium\" title=\"Voiture \u00e9lectrique\" src=\"http:\/\/www.carideal.com\/blog\/wp-content\/uploads\/2016\/07\/renault-zoe-voiture-\u00e9lectrique-300x187.jpg\" alt=\"Voiture \u00e9lectrique\" width=\"300\" height=\"187\" \/><\/a> Voiture \u00e9lectrique[\/caption]\r\n\r\nLa <strong>voiture \u00e9lectrique<\/strong> est le cheval de bataille \u00e9cologique des prochaines ann\u00e9es automobiles. Tous les constructeurs automobiles ou presque se sont d\u00e9j\u00e0 positionn\u00e9s sur le march\u00e9 de la voiture \u00e9lectrique qui n'attend plus que les progr\u00e8s des batteries pour exploser. Les constructeurs de voiture \u00e9lectrique : Tesla, Peugeot Citroen ou Renault avec sa Zo\u00e9 et Nissan avec sa Leaf.","link":"https:\/\/www.carideal.com\/blog\/technologie-2\/electrique-technologie-2\/","name":"Voiture \u00e9lectrique","slug":"electrique-technologie-2","taxonomy":"category","parent":5080,"meta":[],"yoast_head":"<!-- This site is optimized with the Yoast SEO plugin v24.8.1 - https:\/\/yoast.com\/wordpress\/plugins\/seo\/ -->\n<title>Voiture \u00e9lectrique Archives - Blog auto Carid\u00e9al<\/title>\n<meta name=\"description\" content=\"La voiture \u00e9lectrique est le cheval de bataille des prochaine ann\u00e9es automobiles. Les constructeurs automobiles se sont tous positionn\u00e9s.\" \/>\n<meta name=\"robots\" content=\"index, follow, max-snippet:-1, max-image-preview:large, max-video-preview:-1\" \/>\n<link rel=\"canonical\" href=\"https:\/\/www.carideal.com\/blog\/technologie-2\/electrique-technologie-2\/\" \/>\n<meta property=\"og:locale\" content=\"fr_FR\" \/>\n<meta property=\"og:type\" content=\"article\" \/>\n<meta property=\"og:title\" content=\"Voiture \u00e9lectrique Archives - Blog auto Carid\u00e9al\" \/>\n<meta property=\"og:description\" content=\"La voiture \u00e9lectrique est le cheval de bataille des prochaine ann\u00e9es automobiles. Les constructeurs automobiles se sont tous positionn\u00e9s.\" \/>\n<meta property=\"og:url\" content=\"https:\/\/www.carideal.com\/blog\/technologie-2\/electrique-technologie-2\/\" \/>\n<meta property=\"og:site_name\" content=\"Blog auto Carid\u00e9al\" \/>\n<meta property=\"og:image\" content=\"https:\/\/www.carideal.com\/blog\/wp-content\/uploads\/2016\/03\/logo-carideal-mandataire-automobile.png\" \/>\n\t<meta property=\"og:image:width\" content=\"300\" \/>\n\t<meta property=\"og:image:height\" content=\"300\" \/>\n\t<meta property=\"og:image:type\" content=\"image\/png\" \/>\n<meta name=\"twitter:card\" content=\"summary_large_image\" \/>\n<meta name=\"twitter:site\" content=\"@caridealauto\" \/>\n<script type=\"application\/ld+json\" class=\"yoast-schema-graph\">{\"@context\":\"https:\/\/schema.org\",\"@graph\":[{\"@type\":\"CollectionPage\",\"@id\":\"https:\/\/www.carideal.com\/blog\/technologie-2\/electrique-technologie-2\/\",\"url\":\"https:\/\/www.carideal.com\/blog\/technologie-2\/electrique-technologie-2\/\",\"name\":\"Voiture \u00e9lectrique Archives - Blog auto Carid\u00e9al\",\"isPartOf\":{\"@id\":\"https:\/\/www.carideal.com\/blog\/#website\"},\"description\":\"La voiture \u00e9lectrique est le cheval de bataille des prochaine ann\u00e9es automobiles. Les constructeurs automobiles se sont tous positionn\u00e9s.\",\"breadcrumb\":{\"@id\":\"https:\/\/www.carideal.com\/blog\/technologie-2\/electrique-technologie-2\/#breadcrumb\"},\"inLanguage\":\"fr-FR\"},{\"@type\":\"BreadcrumbList\",\"@id\":\"https:\/\/www.carideal.com\/blog\/technologie-2\/electrique-technologie-2\/#breadcrumb\",\"itemListElement\":[{\"@type\":\"ListItem\",\"position\":1,\"name\":\"Blog Carid\u00e9al\",\"item\":\"https:\/\/www.carideal.com\/blog\/\"},{\"@type\":\"ListItem\",\"position\":2,\"name\":\"Technologie Automobile\",\"item\":\"https:\/\/www.carideal.com\/blog\/technologie-2\/\"},{\"@type\":\"ListItem\",\"position\":3,\"name\":\"Voiture \u00e9lectrique\"}]},{\"@type\":\"WebSite\",\"@id\":\"https:\/\/www.carideal.com\/blog\/#website\",\"url\":\"https:\/\/www.carideal.com\/blog\/\",\"name\":\"Blog auto Carid\u00e9al\",\"description\":\"Actualit\u00e9 auto par des passionn\u00e9s\",\"publisher\":{\"@id\":\"https:\/\/www.carideal.com\/blog\/#organization\"},\"potentialAction\":[{\"@type\":\"SearchAction\",\"target\":{\"@type\":\"EntryPoint\",\"urlTemplate\":\"https:\/\/www.carideal.com\/blog\/?s={search_term_string}\"},\"query-input\":{\"@type\":\"PropertyValueSpecification\",\"valueRequired\":true,\"valueName\":\"search_term_string\"}}],\"inLanguage\":\"fr-FR\"},{\"@type\":\"Organization\",\"@id\":\"https:\/\/www.carideal.com\/blog\/#organization\",\"name\":\"Carideal\",\"url\":\"https:\/\/www.carideal.com\/blog\/\",\"logo\":{\"@type\":\"ImageObject\",\"inLanguage\":\"fr-FR\",\"@id\":\"https:\/\/www.carideal.com\/blog\/#\/schema\/logo\/image\/\",\"url\":\"http:\/\/www.carideal.com\/blog\/wp-content\/uploads\/2016\/03\/logo-carideal-mandataire-automobile.png\",\"contentUrl\":\"http:\/\/www.carideal.com\/blog\/wp-content\/uploads\/2016\/03\/logo-carideal-mandataire-automobile.png\",\"width\":300,\"height\":300,\"caption\":\"Carideal\"},\"image\":{\"@id\":\"https:\/\/www.carideal.com\/blog\/#\/schema\/logo\/image\/\"},\"sameAs\":[\"https:\/\/www.facebook.com\/Carideal.mandataire.automobile\",\"https:\/\/x.com\/caridealauto\",\"https:\/\/www.instagram.com\/carideal1\/\",\"https:\/\/www.linkedin.com\/company\/carideal.com\",\"https:\/\/fr.pinterest.com\/schiavonsas\/\",\"https:\/\/www.youtube.com\/user\/caridealsas\"]}]}<\/script>\n<!-- \/ Yoast SEO plugin. -->","yoast_head_json":{"title":"Voiture \u00e9lectrique Archives - Blog auto Carid\u00e9al","description":"La voiture \u00e9lectrique est le cheval de bataille des prochaine ann\u00e9es automobiles. Les constructeurs automobiles se sont tous positionn\u00e9s.","robots":{"index":"index","follow":"follow","max-snippet":"max-snippet:-1","max-image-preview":"max-image-preview:large","max-video-preview":"max-video-preview:-1"},"canonical":"https:\/\/www.carideal.com\/blog\/technologie-2\/electrique-technologie-2\/","og_locale":"fr_FR","og_type":"article","og_title":"Voiture \u00e9lectrique Archives - Blog auto Carid\u00e9al","og_description":"La voiture \u00e9lectrique est le cheval de bataille des prochaine ann\u00e9es automobiles. Les constructeurs automobiles se sont tous positionn\u00e9s.","og_url":"https:\/\/www.carideal.com\/blog\/technologie-2\/electrique-technologie-2\/","og_site_name":"Blog auto Carid\u00e9al","og_image":[{"width":300,"height":300,"url":"https:\/\/www.carideal.com\/blog\/wp-content\/uploads\/2016\/03\/logo-carideal-mandataire-automobile.png","type":"image\/png"}],"twitter_card":"summary_large_image","twitter_site":"@caridealauto","schema":{"@context":"https:\/\/schema.org","@graph":[{"@type":"CollectionPage","@id":"https:\/\/www.carideal.com\/blog\/technologie-2\/electrique-technologie-2\/","url":"https:\/\/www.carideal.com\/blog\/technologie-2\/electrique-technologie-2\/","name":"Voiture \u00e9lectrique Archives - Blog auto Carid\u00e9al","isPartOf":{"@id":"https:\/\/www.carideal.com\/blog\/#website"},"description":"La voiture \u00e9lectrique est le cheval de bataille des prochaine ann\u00e9es automobiles. Les constructeurs automobiles se sont tous positionn\u00e9s.","breadcrumb":{"@id":"https:\/\/www.carideal.com\/blog\/technologie-2\/electrique-technologie-2\/#breadcrumb"},"inLanguage":"fr-FR"},{"@type":"BreadcrumbList","@id":"https:\/\/www.carideal.com\/blog\/technologie-2\/electrique-technologie-2\/#breadcrumb","itemListElement":[{"@type":"ListItem","position":1,"name":"Blog Carid\u00e9al","item":"https:\/\/www.carideal.com\/blog\/"},{"@type":"ListItem","position":2,"name":"Technologie Automobile","item":"https:\/\/www.carideal.com\/blog\/technologie-2\/"},{"@type":"ListItem","position":3,"name":"Voiture \u00e9lectrique"}]},{"@type":"WebSite","@id":"https:\/\/www.carideal.com\/blog\/#website","url":"https:\/\/www.carideal.com\/blog\/","name":"Blog auto Carid\u00e9al","description":"Actualit\u00e9 auto par des passionn\u00e9s","publisher":{"@id":"https:\/\/www.carideal.com\/blog\/#organization"},"potentialAction":[{"@type":"SearchAction","target":{"@type":"EntryPoint","urlTemplate":"https:\/\/www.carideal.com\/blog\/?s={search_term_string}"},"query-input":{"@type":"PropertyValueSpecification","valueRequired":true,"valueName":"search_term_string"}}],"inLanguage":"fr-FR"},{"@type":"Organization","@id":"https:\/\/www.carideal.com\/blog\/#organization","name":"Carideal","url":"https:\/\/www.carideal.com\/blog\/","logo":{"@type":"ImageObject","inLanguage":"fr-FR","@id":"https:\/\/www.carideal.com\/blog\/#\/schema\/logo\/image\/","url":"http:\/\/www.carideal.com\/blog\/wp-content\/uploads\/2016\/03\/logo-carideal-mandataire-automobile.png","contentUrl":"http:\/\/www.carideal.com\/blog\/wp-content\/uploads\/2016\/03\/logo-carideal-mandataire-automobile.png","width":300,"height":300,"caption":"Carideal"},"image":{"@id":"https:\/\/www.carideal.com\/blog\/#\/schema\/logo\/image\/"},"sameAs":["https:\/\/www.facebook.com\/Carideal.mandataire.automobile","https:\/\/x.com\/caridealauto","https:\/\/www.instagram.com\/carideal1\/","https:\/\/www.linkedin.com\/company\/carideal.com","https:\/\/fr.pinterest.com\/schiavonsas\/","https:\/\/www.youtube.com\/user\/caridealsas"]}]}},"_links":{"self":[{"href":"https:\/\/www.carideal.com\/blog\/wp-json\/wp\/v2\/categories\/5970"}],"collection":[{"href":"https:\/\/www.carideal.com\/blog\/wp-json\/wp\/v2\/categories"}],"about":[{"href":"https:\/\/www.carideal.com\/blog\/wp-json\/wp\/v2\/taxonomies\/category"}],"up":[{"embeddable":true,"href":"https:\/\/www.carideal.com\/blog\/wp-json\/wp\/v2\/categories\/5080"}],"wp:post_type":[{"href":"https:\/\/www.carideal.com\/blog\/wp-json\/wp\/v2\/posts?categories=5970"}],"curies":[{"name":"wp","href":"https:\/\/api.w.org\/{rel}","templated":true}]}}