{"id":18,"count":143,"description":"<h2>Vid\u00e9o voiture trouvez des vid\u00e9os automobile<\/h2>\r\n[caption id=\"attachment_11807\" align=\"alignleft\" width=\"300\"]<a href=\"http:\/\/www.carideal.com\/blog\/wp-content\/uploads\/2016\/08\/Blog-Automobile-essai-auto.jpg\"><img class=\"wp-image-11807 size-medium\" title=\"Vid\u00e9o voiture vid\u00e9o automobile\" src=\"http:\/\/www.carideal.com\/blog\/wp-content\/uploads\/2016\/08\/Blog-Automobile-essai-auto-300x169.jpg\" alt=\"Vid\u00e9o voiture vid\u00e9o automobile\" width=\"300\" height=\"169\" \/><\/a> Vid\u00e9o voiture vid\u00e9o automobile[\/caption]\r\n\r\nPr\u00e9sentation de <strong>vid\u00e9o voiture<\/strong>, essai auto. Les <strong>vid\u00e9os automobile<\/strong> de votre mandataire auto. Les fiches de voiture neuve et de voiture d'occasion ont une section essai vid\u00e9o automobile.","link":"https:\/\/www.carideal.com\/blog\/videos\/","name":"Vid\u00e9o voiture : vid\u00e9o automobile","slug":"videos","taxonomy":"category","parent":0,"meta":[],"yoast_head":"<!-- This site is optimized with the Yoast SEO plugin v24.8.1 - https:\/\/yoast.com\/wordpress\/plugins\/seo\/ -->\n<title>Vid\u00e9o voiture : vid\u00e9o automobile Archives - Blog auto Carid\u00e9al<\/title>\n<meta name=\"description\" content=\"Vid\u00e9o voiture. Les vid\u00e9os automobiles et essai auto de votre mandataire automobile. Les nouveaut\u00e9s automobile en vid\u00e9o avec leur actualit\u00e9.\" \/>\n<meta name=\"robots\" content=\"index, follow, max-snippet:-1, max-image-preview:large, max-video-preview:-1\" \/>\n<link rel=\"canonical\" href=\"https:\/\/www.carideal.com\/blog\/videos\/\" \/>\n<meta property=\"og:locale\" content=\"fr_FR\" \/>\n<meta property=\"og:type\" content=\"article\" \/>\n<meta property=\"og:title\" content=\"Vid\u00e9o voiture : vid\u00e9o automobile Archives - Blog auto Carid\u00e9al\" \/>\n<meta property=\"og:description\" content=\"Vid\u00e9o voiture. Les vid\u00e9os automobiles et essai auto de votre mandataire automobile. Les nouveaut\u00e9s automobile en vid\u00e9o avec leur actualit\u00e9.\" \/>\n<meta property=\"og:url\" content=\"https:\/\/www.carideal.com\/blog\/videos\/\" \/>\n<meta property=\"og:site_name\" content=\"Blog auto Carid\u00e9al\" \/>\n<meta property=\"og:image\" content=\"http:\/\/www.carideal.com\/blog\/wp-content\/uploads\/2016\/08\/Blog-Automobile-essai-auto-300x169.jpg\" \/>\n<meta name=\"twitter:card\" content=\"summary_large_image\" \/>\n<meta name=\"twitter:site\" content=\"@caridealauto\" \/>\n<script type=\"application\/ld+json\" class=\"yoast-schema-graph\">{\"@context\":\"https:\/\/schema.org\",\"@graph\":[{\"@type\":\"CollectionPage\",\"@id\":\"https:\/\/www.carideal.com\/blog\/videos\/\",\"url\":\"https:\/\/www.carideal.com\/blog\/videos\/\",\"name\":\"Vid\u00e9o voiture : vid\u00e9o automobile Archives - Blog auto Carid\u00e9al\",\"isPartOf\":{\"@id\":\"https:\/\/www.carideal.com\/blog\/#website\"},\"description\":\"Vid\u00e9o voiture. Les vid\u00e9os automobiles et essai auto de votre mandataire automobile. Les nouveaut\u00e9s automobile en vid\u00e9o avec leur actualit\u00e9.\",\"breadcrumb\":{\"@id\":\"https:\/\/www.carideal.com\/blog\/videos\/#breadcrumb\"},\"inLanguage\":\"fr-FR\"},{\"@type\":\"BreadcrumbList\",\"@id\":\"https:\/\/www.carideal.com\/blog\/videos\/#breadcrumb\",\"itemListElement\":[{\"@type\":\"ListItem\",\"position\":1,\"name\":\"Blog Carid\u00e9al\",\"item\":\"https:\/\/www.carideal.com\/blog\/\"},{\"@type\":\"ListItem\",\"position\":2,\"name\":\"Vid\u00e9o voiture : vid\u00e9o automobile\"}]},{\"@type\":\"WebSite\",\"@id\":\"https:\/\/www.carideal.com\/blog\/#website\",\"url\":\"https:\/\/www.carideal.com\/blog\/\",\"name\":\"Blog auto Carid\u00e9al\",\"description\":\"Actualit\u00e9 auto par des passionn\u00e9s\",\"publisher\":{\"@id\":\"https:\/\/www.carideal.com\/blog\/#organization\"},\"potentialAction\":[{\"@type\":\"SearchAction\",\"target\":{\"@type\":\"EntryPoint\",\"urlTemplate\":\"https:\/\/www.carideal.com\/blog\/?s={search_term_string}\"},\"query-input\":{\"@type\":\"PropertyValueSpecification\",\"valueRequired\":true,\"valueName\":\"search_term_string\"}}],\"inLanguage\":\"fr-FR\"},{\"@type\":\"Organization\",\"@id\":\"https:\/\/www.carideal.com\/blog\/#organization\",\"name\":\"Carideal\",\"url\":\"https:\/\/www.carideal.com\/blog\/\",\"logo\":{\"@type\":\"ImageObject\",\"inLanguage\":\"fr-FR\",\"@id\":\"https:\/\/www.carideal.com\/blog\/#\/schema\/logo\/image\/\",\"url\":\"http:\/\/www.carideal.com\/blog\/wp-content\/uploads\/2016\/03\/logo-carideal-mandataire-automobile.png\",\"contentUrl\":\"http:\/\/www.carideal.com\/blog\/wp-content\/uploads\/2016\/03\/logo-carideal-mandataire-automobile.png\",\"width\":300,\"height\":300,\"caption\":\"Carideal\"},\"image\":{\"@id\":\"https:\/\/www.carideal.com\/blog\/#\/schema\/logo\/image\/\"},\"sameAs\":[\"https:\/\/www.facebook.com\/Carideal.mandataire.automobile\",\"https:\/\/x.com\/caridealauto\",\"https:\/\/www.instagram.com\/carideal1\/\",\"https:\/\/www.linkedin.com\/company\/carideal.com\",\"https:\/\/fr.pinterest.com\/schiavonsas\/\",\"https:\/\/www.youtube.com\/user\/caridealsas\"]}]}<\/script>\n<!-- \/ Yoast SEO plugin. -->","yoast_head_json":{"title":"Vid\u00e9o voiture : vid\u00e9o automobile Archives - Blog auto Carid\u00e9al","description":"Vid\u00e9o voiture. Les vid\u00e9os automobiles et essai auto de votre mandataire automobile. Les nouveaut\u00e9s automobile en vid\u00e9o avec leur actualit\u00e9.","robots":{"index":"index","follow":"follow","max-snippet":"max-snippet:-1","max-image-preview":"max-image-preview:large","max-video-preview":"max-video-preview:-1"},"canonical":"https:\/\/www.carideal.com\/blog\/videos\/","og_locale":"fr_FR","og_type":"article","og_title":"Vid\u00e9o voiture : vid\u00e9o automobile Archives - Blog auto Carid\u00e9al","og_description":"Vid\u00e9o voiture. Les vid\u00e9os automobiles et essai auto de votre mandataire automobile. Les nouveaut\u00e9s automobile en vid\u00e9o avec leur actualit\u00e9.","og_url":"https:\/\/www.carideal.com\/blog\/videos\/","og_site_name":"Blog auto Carid\u00e9al","og_image":[{"url":"http:\/\/www.carideal.com\/blog\/wp-content\/uploads\/2016\/08\/Blog-Automobile-essai-auto-300x169.jpg","type":"","width":"","height":""}],"twitter_card":"summary_large_image","twitter_site":"@caridealauto","schema":{"@context":"https:\/\/schema.org","@graph":[{"@type":"CollectionPage","@id":"https:\/\/www.carideal.com\/blog\/videos\/","url":"https:\/\/www.carideal.com\/blog\/videos\/","name":"Vid\u00e9o voiture : vid\u00e9o automobile Archives - Blog auto Carid\u00e9al","isPartOf":{"@id":"https:\/\/www.carideal.com\/blog\/#website"},"description":"Vid\u00e9o voiture. Les vid\u00e9os automobiles et essai auto de votre mandataire automobile. Les nouveaut\u00e9s automobile en vid\u00e9o avec leur actualit\u00e9.","breadcrumb":{"@id":"https:\/\/www.carideal.com\/blog\/videos\/#breadcrumb"},"inLanguage":"fr-FR"},{"@type":"BreadcrumbList","@id":"https:\/\/www.carideal.com\/blog\/videos\/#breadcrumb","itemListElement":[{"@type":"ListItem","position":1,"name":"Blog Carid\u00e9al","item":"https:\/\/www.carideal.com\/blog\/"},{"@type":"ListItem","position":2,"name":"Vid\u00e9o voiture : vid\u00e9o automobile"}]},{"@type":"WebSite","@id":"https:\/\/www.carideal.com\/blog\/#website","url":"https:\/\/www.carideal.com\/blog\/","name":"Blog auto Carid\u00e9al","description":"Actualit\u00e9 auto par des passionn\u00e9s","publisher":{"@id":"https:\/\/www.carideal.com\/blog\/#organization"},"potentialAction":[{"@type":"SearchAction","target":{"@type":"EntryPoint","urlTemplate":"https:\/\/www.carideal.com\/blog\/?s={search_term_string}"},"query-input":{"@type":"PropertyValueSpecification","valueRequired":true,"valueName":"search_term_string"}}],"inLanguage":"fr-FR"},{"@type":"Organization","@id":"https:\/\/www.carideal.com\/blog\/#organization","name":"Carideal","url":"https:\/\/www.carideal.com\/blog\/","logo":{"@type":"ImageObject","inLanguage":"fr-FR","@id":"https:\/\/www.carideal.com\/blog\/#\/schema\/logo\/image\/","url":"http:\/\/www.carideal.com\/blog\/wp-content\/uploads\/2016\/03\/logo-carideal-mandataire-automobile.png","contentUrl":"http:\/\/www.carideal.com\/blog\/wp-content\/uploads\/2016\/03\/logo-carideal-mandataire-automobile.png","width":300,"height":300,"caption":"Carideal"},"image":{"@id":"https:\/\/www.carideal.com\/blog\/#\/schema\/logo\/image\/"},"sameAs":["https:\/\/www.facebook.com\/Carideal.mandataire.automobile","https:\/\/x.com\/caridealauto","https:\/\/www.instagram.com\/carideal1\/","https:\/\/www.linkedin.com\/company\/carideal.com","https:\/\/fr.pinterest.com\/schiavonsas\/","https:\/\/www.youtube.com\/user\/caridealsas"]}]}},"_links":{"self":[{"href":"https:\/\/www.carideal.com\/blog\/wp-json\/wp\/v2\/categories\/18"}],"collection":[{"href":"https:\/\/www.carideal.com\/blog\/wp-json\/wp\/v2\/categories"}],"about":[{"href":"https:\/\/www.carideal.com\/blog\/wp-json\/wp\/v2\/taxonomies\/category"}],"wp:post_type":[{"href":"https:\/\/www.carideal.com\/blog\/wp-json\/wp\/v2\/posts?categories=18"}],"curies":[{"name":"wp","href":"https:\/\/api.w.org\/{rel}","templated":true}]}}